{"id":5743,"date":"2025-12-11T12:27:44","date_gmt":"2025-12-11T11:27:44","guid":{"rendered":"https:\/\/www.thewedery.com\/es\/?p=5743"},"modified":"2025-12-11T12:27:44","modified_gmt":"2025-12-11T11:27:44","slug":"que-tipos-de-catering-ofrecemos-para-eventos-empresariales","status":"publish","type":"post","link":"https:\/\/www.thewedery.com\/es\/que-tipos-de-catering-ofrecemos-para-eventos-empresariales\/","title":{"rendered":"\u00bfQu\u00e9 tipos de catering ofrece The Wedery para eventos empresariales?"},"content":{"rendered":"<h2><b>Tipos de catering para un evento corporativo<\/b><\/h2>\n<h3><b>C\u00f3ctel corporativo: dinamismo y networking en estado puro<\/b><\/h3>\n<p class=\"lead\"><span style=\"font-weight: 400;\">El <\/span><a href=\"https:\/\/www.thewedery.com\/es\/eventos-para-empresas-cocktail\/\"><span style=\"font-weight: 400;\">c\u00f3ctel<\/span><\/a><span style=\"font-weight: 400;\"> es, sin duda, uno de los formatos m\u00e1s populares en el entorno empresarial a d\u00eda de hoy. Su \u00e9xito se debe a la <\/span><b>mezcla perfecta entre gastronom\u00eda de calidad y libertad de movimiento<\/b><span style=\"font-weight: 400;\">. En lugar de quedarse anclados en su mesa, los asistentes pueden desplazarse, conversar y establecer nuevas relaciones de una manera fluida y natural.<\/span><\/p>\n<p><span style=\"font-weight: 400;\">En The Wedery cuidamos especialmente la selecci\u00f3n de bocados de un c\u00f3ctel corporativo: peque\u00f1os, elegantes y llenos de sabor. La variedad es clave, permitiendo que cada invitado pueda disfrutar de propuestas fr\u00edas, calientes, saladas o dulces sin interrumpir el ritmo del evento. Adem\u00e1s, este formato es <\/span><b>extremadamente adaptable:<\/b><span style=\"font-weight: 400;\"> para presentaciones de producto, inauguraciones, networking, celebraciones internas, ruedas de prensa\u2026 cualquier ocasi\u00f3n encuentra en el c\u00f3ctel una soluci\u00f3n gastron\u00f3mica \u00e1gil y elegante.<\/span><\/p>\n<img fetchpriority=\"high\" decoding=\"async\" width=\"1024\" height=\"683\" class=\"size-large wp-image-5592 aligncenter\" src=\"https:\/\/www.thewedery.com\/wp\/wp-content\/uploads\/2025\/11\/1_26-1024x683.jpg\" alt=\"\" srcset=\"https:\/\/www.thewedery.com\/wp\/wp-content\/uploads\/2025\/11\/1_26-1024x683.jpg 1024w, https:\/\/www.thewedery.com\/wp\/wp-content\/uploads\/2025\/11\/1_26-300x200.jpg 300w, https:\/\/www.thewedery.com\/wp\/wp-content\/uploads\/2025\/11\/1_26-768x512.jpg 768w, https:\/\/www.thewedery.com\/wp\/wp-content\/uploads\/2025\/11\/1_26-968x646.jpg 968w, https:\/\/www.thewedery.com\/wp\/wp-content\/uploads\/2025\/11\/1_26.jpg 1500w\" sizes=\"(max-width: 1024px) 100vw, 1024px\" \/>\n<p>&nbsp;<\/p>\n<h3><b>Coffee Break y Finger Food: ideal para reuniones, conferencias y formaciones<\/b><\/h3>\n<p><span style=\"font-weight: 400;\">Aunque pueda parecer un descanso sencillo dentro de un congreso, una reuni\u00f3n ejecutiva o una jornada de formaci\u00f3n, un <\/span><a href=\"https:\/\/www.thewedery.com\/es\/coffee-break-y-finger-food\/\"><span style=\"font-weight: 400;\">coffee break<\/span><\/a><span style=\"font-weight: 400;\"> bien dise\u00f1ado puede marcar una diferencia notable en el <\/span><b>rendimiento, la concentraci\u00f3n y el buen ambiente <\/b><span style=\"font-weight: 400;\">del evento. Lejos de limitarse al cl\u00e1sico y sencillo caf\u00e9, The Wedery ofrece <\/span><b>propuestas m\u00e1s completas, equilibradas y visualmente atractivas.<\/b><\/p>\n<p><span style=\"font-weight: 400;\">Nuestro equipo combina opciones dulces y saladas, productos frescos, piezas de boller\u00eda de alta calidad, bocados ligeros y bebidas variadas. La clave est\u00e1 en que el coffee break sea funcional a la vez que r\u00e1pido, pero tambi\u00e9n agradable y cuidado est\u00e9ticamente. Porque incluso esos breves minutos de pausa pueden convertirse en un <\/span><b>espacio perfecto para conversar, revisar ideas<\/b><span style=\"font-weight: 400;\"> o simplemente retomar fuerzas.<\/span><\/p>\n<img decoding=\"async\" width=\"1012\" height=\"1024\" class=\"size-large wp-image-5748 aligncenter\" src=\"https:\/\/www.thewedery.com\/wp\/wp-content\/uploads\/2025\/12\/IMG_1641-1012x1024.jpg\" alt=\"\" srcset=\"https:\/\/www.thewedery.com\/wp\/wp-content\/uploads\/2025\/12\/IMG_1641-1012x1024.jpg 1012w, https:\/\/www.thewedery.com\/wp\/wp-content\/uploads\/2025\/12\/IMG_1641-296x300.jpg 296w, https:\/\/www.thewedery.com\/wp\/wp-content\/uploads\/2025\/12\/IMG_1641-768x777.jpg 768w, https:\/\/www.thewedery.com\/wp\/wp-content\/uploads\/2025\/12\/IMG_1641-125x125.jpg 125w, https:\/\/www.thewedery.com\/wp\/wp-content\/uploads\/2025\/12\/IMG_1641.jpg 1170w\" sizes=\"(max-width: 1012px) 100vw, 1012px\" \/>\n<p>&nbsp;<\/p>\n<h3><b>Cena de gala: el formato m\u00e1s elegante y representativo<\/b><\/h3>\n<p><span style=\"font-weight: 400;\">Cuando una empresa quiere celebrar un momento importante, la <\/span><a href=\"https:\/\/www.thewedery.com\/es\/cena-de-gala\/\"><span style=\"font-weight: 400;\">cena de gala<\/span><\/a><span style=\"font-weight: 400;\"> se convierte en la alternativa perfecta: un aniversario de empresa, una entrega de premios, o una celebraci\u00f3n especial. Este formato formal transmite <\/span><b>distinci\u00f3n y profesionalidad<\/b><span style=\"font-weight: 400;\">, creando un ambiente \u00fanico que refuerza la imagen corporativa.<\/span><\/p>\n<p><span style=\"font-weight: 400;\">En The Wedery <\/span><b>cuidamos cada elemento del servicio<\/b><span style=\"font-weight: 400;\">: la disposici\u00f3n de mesas, la coordinaci\u00f3n del personal, el ritmo de los tiempos y la presentaci\u00f3n de cada plato. Nuestro equipo, acostumbrado a trabajar bajo los m\u00e1s altos est\u00e1ndares, garantiza un desarrollo impecable de principio a fin. Adem\u00e1s, el men\u00fa de gala se elabora con una <\/span><b>selecci\u00f3n gastron\u00f3mica de alto nivel<\/b><span style=\"font-weight: 400;\">, dise\u00f1ada por nuestros chefs propios, para que cada plato sorprenda por sabor, est\u00e9tica y coherencia culinaria.\u00a0<\/span><\/p>\n<p><span style=\"font-weight: 400;\">A esto se suma el servicio de sala ofrecido por <\/span><b>maitres y camareros altamente cualificados<\/b><span style=\"font-weight: 400;\">, que garantizan una atenci\u00f3n impecable y un ritmo perfecto durante toda la cena. La ambientaci\u00f3n, la iluminaci\u00f3n y la puesta en escena son parte fundamental de esta propuesta.<\/span><\/p>\n<img decoding=\"async\" width=\"951\" height=\"766\" class=\"size-full wp-image-5704 aligncenter\" src=\"https:\/\/www.thewedery.com\/wp\/wp-content\/uploads\/2025\/12\/IMG_1614.jpg\" alt=\"\" srcset=\"https:\/\/www.thewedery.com\/wp\/wp-content\/uploads\/2025\/12\/IMG_1614.jpg 951w, https:\/\/www.thewedery.com\/wp\/wp-content\/uploads\/2025\/12\/IMG_1614-300x242.jpg 300w, https:\/\/www.thewedery.com\/wp\/wp-content\/uploads\/2025\/12\/IMG_1614-768x619.jpg 768w\" sizes=\"(max-width: 951px) 100vw, 951px\" \/>\n<p>&nbsp;<\/p>\n<h3><b>Mesas gourmet y estaciones tem\u00e1ticas: la experiencia m\u00e1s atractiva para empresas<\/b><\/h3>\n<p><span style=\"font-weight: 400;\">Uno de los elementos que m\u00e1s sorprende en los eventos empresariales actuales es la posibilidad de <\/span><b>integrar corners tem\u00e1ticos o <\/b><a href=\"https:\/\/www.thewedery.com\/es\/mesas-gourmet\/\"><b>mesas gourmet<\/b><\/a> <span style=\"font-weight: 400;\">que a\u00f1aden una experiencia interactiva y diferente. The Wedery ofrece una variedad de estaciones gastron\u00f3micas que se adaptan tanto al estilo del evento como al perfil del p\u00fablico.<\/span><\/p>\n<p><span style=\"font-weight: 400;\">Quesos, ib\u00e9ricos, estaci\u00f3n japonesa, arroces, showcooking, postres\u2026 Cada corner aporta dinamismo y crea un punto de atracci\u00f3n donde los asistentes pueden observar c\u00f3mo se preparan los platos o seleccionar sus favoritos. Estos formatos son ideales porque permiten que<\/span><b> cada invitado elija a su ritmo y crean espacios vivos <\/b><span style=\"font-weight: 400;\">dentro del evento, perfectos para conversar y disfrutar.<\/span><\/p>\n<img loading=\"lazy\" decoding=\"async\" width=\"1024\" height=\"683\" class=\"size-large wp-image-5602 aligncenter\" src=\"https:\/\/www.thewedery.com\/wp\/wp-content\/uploads\/2025\/11\/1_44-1024x683.jpg\" alt=\"\" srcset=\"https:\/\/www.thewedery.com\/wp\/wp-content\/uploads\/2025\/11\/1_44-1024x683.jpg 1024w, https:\/\/www.thewedery.com\/wp\/wp-content\/uploads\/2025\/11\/1_44-300x200.jpg 300w, https:\/\/www.thewedery.com\/wp\/wp-content\/uploads\/2025\/11\/1_44-768x512.jpg 768w, https:\/\/www.thewedery.com\/wp\/wp-content\/uploads\/2025\/11\/1_44-968x646.jpg 968w, https:\/\/www.thewedery.com\/wp\/wp-content\/uploads\/2025\/11\/1_44.jpg 1500w\" sizes=\"(max-width: 1024px) 100vw, 1024px\" \/>\n<p>&nbsp;<\/p>\n<h2><b>Personalizaci\u00f3n total: men\u00fas adaptados a cada empresa<\/b><\/h2>\n<p><span style=\"font-weight: 400;\">Un aspecto que distingue a The Wedery es que no trabajamos con men\u00fas predise\u00f1ados. Nuestro catering <\/span><b>se adapta por completo al estilo, la cultura y las necesidades de cada empresa.<\/b><\/p>\n<p><span style=\"font-weight: 400;\">Podemos desarrollar men\u00fas para eventos formales o informales, vegetarianos, veganos y adaptados a intolerancias y alergias, tem\u00e1ticos (mediterr\u00e1neo, internacional, fusi\u00f3n\u2026), para grandes grupos o equipos reducidos, etc. Cada plato se elabora minuciosamente por nuestros chefs, y cada propuesta se presenta con una est\u00e9tica cuidada y actual.<\/span><\/p>\n<p>&nbsp;<\/p>\n<h2><b>The Wedery: gastronom\u00eda, servicio y experiencia al servicio de las empresas<\/b><\/h2>\n<p><span style=\"font-weight: 400;\">M\u00e1s all\u00e1 de los formatos, el catering de un evento empresarial debe que ser personalizado, equilibrado con la tem\u00e1tica del evento y alineado con la imagen de la marca.\u00a0<\/span><\/p>\n<p><span style=\"font-weight: 400;\">En The Wedery no externalizamos el catering, lo que nos permite garantizar calidad, coherencia est\u00e9tica y control absoluto del proceso creativo. Contar con <\/span><b>chefs propios<\/b><span style=\"font-weight: 400;\"> como son Miguel Rivas y Ana Mar\u00eda Santoyo garantiza una <\/span><b>propuesta gastron\u00f3mica minuciosa, creativa y aut\u00e9ntica, <\/b><span style=\"font-weight: 400;\">y disponer de un equipo de servicio experimentado asegura que cada invitado se sienta atendido con profesionalidad, discreci\u00f3n y elegancia.<\/span><\/p>\n<p><span style=\"font-weight: 400;\">Te acompa\u00f1amos en la selecci\u00f3n del formato gastron\u00f3mico, el tipo de men\u00fa, la ambientaci\u00f3n y la planificaci\u00f3n, asegurando que cada detalle encaje con la identidad de tu empresa. Si est\u00e1s organizando un evento corporativo y buscas una propuesta gastron\u00f3mica elegante, profesional y con personalidad mediterr\u00e1nea, en The Wedery estaremos encantados de ayudarte. \u00bfHablamos?<\/span><\/p>\n","protected":false},"excerpt":{"rendered":"<p>La gastronom\u00eda es uno de los pilares esenciales en cualquier evento corporativo. Un buen catering no solo alimenta, sino que transmite profesionalidad, refuerza la identidad de marca y contribuye a construir una experiencia memorable para los asistentes. Por eso, cada vez m\u00e1s empresas buscan propuestas gastron\u00f3micas que combinen calidad, est\u00e9tica y un servicio impecable.<\/p>\n<p>Antes de elegir la propuesta m\u00e1s adecuada, es importante comprender que no todos los eventos requieren el mismo enfoque culinario: el tipo de encuentro, el n\u00famero de asistentes, la din\u00e1mica prevista y el objetivo corporativo influyen directamente en la elecci\u00f3n del formato gastron\u00f3mico. Por eso, conocer las distintas opciones ayuda a dise\u00f1ar una experiencia alineada con la estrategia de la empresa y con las expectativas de los invitados.<\/p>\n","protected":false},"author":1,"featured_media":5703,"comment_status":"closed","ping_status":"closed","sticky":false,"template":"","format":"standard","meta":{"footnotes":""},"categories":[34],"tags":[],"class_list":["post-5743","post","type-post","status-publish","format-standard","has-post-thumbnail","hentry","category-empresas"],"yoast_head":"<!-- This site is optimized with the Yoast SEO plugin v24.6 - https:\/\/yoast.com\/wordpress\/plugins\/seo\/ -->\n<title>\u00bfQu\u00e9 catering ofrecemos para eventos de empresa? | The Wedery<\/title>\n<meta name=\"description\" content=\"Explora los tipos de catering para eventos empresariales y c\u00f3mo cada uno puede elevar la experiencia corporativa con gastronom\u00eda personalizada de calidad.\" \/>\n<meta name=\"robots\" content=\"index, follow, max-snippet:-1, max-image-preview:large, max-video-preview:-1\" \/>\n<link rel=\"canonical\" href=\"https:\/\/www.thewedery.com\/es\/que-tipos-de-catering-ofrecemos-para-eventos-empresariales\/\" \/>\n<meta property=\"og:locale\" content=\"es_ES\" \/>\n<meta property=\"og:type\" content=\"article\" \/>\n<meta property=\"og:title\" content=\"\u00bfQu\u00e9 catering ofrecemos para eventos de empresa? | The Wedery\" \/>\n<meta property=\"og:description\" content=\"Explora los tipos de catering para eventos empresariales y c\u00f3mo cada uno puede elevar la experiencia corporativa con gastronom\u00eda personalizada de calidad.\" \/>\n<meta property=\"og:url\" content=\"https:\/\/www.thewedery.com\/es\/que-tipos-de-catering-ofrecemos-para-eventos-empresariales\/\" \/>\n<meta property=\"og:site_name\" content=\"The Wedery\" \/>\n<meta property=\"article:published_time\" content=\"2025-12-11T11:27:44+00:00\" \/>\n<meta property=\"og:image\" content=\"https:\/\/www.thewedery.com\/wp\/wp-content\/uploads\/2025\/12\/IMG_1606.jpg\" \/>\n\t<meta property=\"og:image:width\" content=\"799\" \/>\n\t<meta property=\"og:image:height\" content=\"599\" \/>\n\t<meta property=\"og:image:type\" content=\"image\/jpeg\" \/>\n<meta name=\"author\" content=\"adora\" \/>\n<meta name=\"twitter:label1\" content=\"Escrito por\" \/>\n\t<meta name=\"twitter:data1\" content=\"adora\" \/>\n\t<meta name=\"twitter:label2\" content=\"Tiempo de lectura\" \/>\n\t<meta name=\"twitter:data2\" content=\"5 minutos\" \/>\n<script type=\"application\/ld+json\" class=\"yoast-schema-graph\">{\"@context\":\"https:\/\/schema.org\",\"@graph\":[{\"@type\":\"Article\",\"@id\":\"https:\/\/www.thewedery.com\/es\/que-tipos-de-catering-ofrecemos-para-eventos-empresariales\/#article\",\"isPartOf\":{\"@id\":\"https:\/\/www.thewedery.com\/es\/que-tipos-de-catering-ofrecemos-para-eventos-empresariales\/\"},\"author\":{\"name\":\"adora\",\"@id\":\"https:\/\/www.thewedery.com\/#\/schema\/person\/592d1d321053d0a76c2c9769c6fb642f\"},\"headline\":\"\u00bfQu\u00e9 tipos de catering ofrece The Wedery para eventos empresariales?\",\"datePublished\":\"2025-12-11T11:27:44+00:00\",\"mainEntityOfPage\":{\"@id\":\"https:\/\/www.thewedery.com\/es\/que-tipos-de-catering-ofrecemos-para-eventos-empresariales\/\"},\"wordCount\":892,\"publisher\":{\"@id\":\"https:\/\/www.thewedery.com\/#organization\"},\"image\":{\"@id\":\"https:\/\/www.thewedery.com\/es\/que-tipos-de-catering-ofrecemos-para-eventos-empresariales\/#primaryimage\"},\"thumbnailUrl\":\"https:\/\/www.thewedery.com\/wp\/wp-content\/uploads\/2025\/12\/IMG_1606.jpg\",\"articleSection\":[\"Empresas\"],\"inLanguage\":\"es\"},{\"@type\":\"WebPage\",\"@id\":\"https:\/\/www.thewedery.com\/es\/que-tipos-de-catering-ofrecemos-para-eventos-empresariales\/\",\"url\":\"https:\/\/www.thewedery.com\/es\/que-tipos-de-catering-ofrecemos-para-eventos-empresariales\/\",\"name\":\"\u00bfQu\u00e9 catering ofrecemos para eventos de empresa? | The Wedery\",\"isPartOf\":{\"@id\":\"https:\/\/www.thewedery.com\/#website\"},\"primaryImageOfPage\":{\"@id\":\"https:\/\/www.thewedery.com\/es\/que-tipos-de-catering-ofrecemos-para-eventos-empresariales\/#primaryimage\"},\"image\":{\"@id\":\"https:\/\/www.thewedery.com\/es\/que-tipos-de-catering-ofrecemos-para-eventos-empresariales\/#primaryimage\"},\"thumbnailUrl\":\"https:\/\/www.thewedery.com\/wp\/wp-content\/uploads\/2025\/12\/IMG_1606.jpg\",\"datePublished\":\"2025-12-11T11:27:44+00:00\",\"description\":\"Explora los tipos de catering para eventos empresariales y c\u00f3mo cada uno puede elevar la experiencia corporativa con gastronom\u00eda personalizada de calidad.\",\"breadcrumb\":{\"@id\":\"https:\/\/www.thewedery.com\/es\/que-tipos-de-catering-ofrecemos-para-eventos-empresariales\/#breadcrumb\"},\"inLanguage\":\"es\",\"potentialAction\":[{\"@type\":\"ReadAction\",\"target\":[\"https:\/\/www.thewedery.com\/es\/que-tipos-de-catering-ofrecemos-para-eventos-empresariales\/\"]}]},{\"@type\":\"ImageObject\",\"inLanguage\":\"es\",\"@id\":\"https:\/\/www.thewedery.com\/es\/que-tipos-de-catering-ofrecemos-para-eventos-empresariales\/#primaryimage\",\"url\":\"https:\/\/www.thewedery.com\/wp\/wp-content\/uploads\/2025\/12\/IMG_1606.jpg\",\"contentUrl\":\"https:\/\/www.thewedery.com\/wp\/wp-content\/uploads\/2025\/12\/IMG_1606.jpg\",\"width\":799,\"height\":599,\"caption\":\"??????????\"},{\"@type\":\"BreadcrumbList\",\"@id\":\"https:\/\/www.thewedery.com\/es\/que-tipos-de-catering-ofrecemos-para-eventos-empresariales\/#breadcrumb\",\"itemListElement\":[{\"@type\":\"ListItem\",\"position\":1,\"name\":\"Home\",\"item\":\"https:\/\/www.thewedery.com\/es\/\"},{\"@type\":\"ListItem\",\"position\":2,\"name\":\"\u00bfQu\u00e9 tipos de catering ofrece The Wedery para eventos empresariales?\"}]},{\"@type\":\"WebSite\",\"@id\":\"https:\/\/www.thewedery.com\/#website\",\"url\":\"https:\/\/www.thewedery.com\/\",\"name\":\"The Wedery\",\"description\":\"Eventos sociales y corporativos en Alicante\",\"publisher\":{\"@id\":\"https:\/\/www.thewedery.com\/#organization\"},\"potentialAction\":[{\"@type\":\"SearchAction\",\"target\":{\"@type\":\"EntryPoint\",\"urlTemplate\":\"https:\/\/www.thewedery.com\/?s={search_term_string}\"},\"query-input\":{\"@type\":\"PropertyValueSpecification\",\"valueRequired\":true,\"valueName\":\"search_term_string\"}}],\"inLanguage\":\"es\"},{\"@type\":\"Organization\",\"@id\":\"https:\/\/www.thewedery.com\/#organization\",\"name\":\"The Wedery\",\"url\":\"https:\/\/www.thewedery.com\/\",\"logo\":{\"@type\":\"ImageObject\",\"inLanguage\":\"es\",\"@id\":\"https:\/\/www.thewedery.com\/#\/schema\/logo\/image\/\",\"url\":\"https:\/\/www.thewedery.com\/wp\/wp-content\/uploads\/2022\/03\/logo-admin.svg\",\"contentUrl\":\"https:\/\/www.thewedery.com\/wp\/wp-content\/uploads\/2022\/03\/logo-admin.svg\",\"caption\":\"The Wedery\"},\"image\":{\"@id\":\"https:\/\/www.thewedery.com\/#\/schema\/logo\/image\/\"}},{\"@type\":\"Person\",\"@id\":\"https:\/\/www.thewedery.com\/#\/schema\/person\/592d1d321053d0a76c2c9769c6fb642f\",\"name\":\"adora\"}]}<\/script>\n<!-- \/ Yoast SEO plugin. -->","yoast_head_json":{"title":"\u00bfQu\u00e9 catering ofrecemos para eventos de empresa? | The Wedery","description":"Explora los tipos de catering para eventos empresariales y c\u00f3mo cada uno puede elevar la experiencia corporativa con gastronom\u00eda personalizada de calidad.","robots":{"index":"index","follow":"follow","max-snippet":"max-snippet:-1","max-image-preview":"max-image-preview:large","max-video-preview":"max-video-preview:-1"},"canonical":"https:\/\/www.thewedery.com\/es\/que-tipos-de-catering-ofrecemos-para-eventos-empresariales\/","og_locale":"es_ES","og_type":"article","og_title":"\u00bfQu\u00e9 catering ofrecemos para eventos de empresa? | The Wedery","og_description":"Explora los tipos de catering para eventos empresariales y c\u00f3mo cada uno puede elevar la experiencia corporativa con gastronom\u00eda personalizada de calidad.","og_url":"https:\/\/www.thewedery.com\/es\/que-tipos-de-catering-ofrecemos-para-eventos-empresariales\/","og_site_name":"The Wedery","article_published_time":"2025-12-11T11:27:44+00:00","og_image":[{"width":799,"height":599,"url":"https:\/\/www.thewedery.com\/wp\/wp-content\/uploads\/2025\/12\/IMG_1606.jpg","type":"image\/jpeg"}],"author":"adora","twitter_misc":{"Escrito por":"adora","Tiempo de lectura":"5 minutos"},"schema":{"@context":"https:\/\/schema.org","@graph":[{"@type":"Article","@id":"https:\/\/www.thewedery.com\/es\/que-tipos-de-catering-ofrecemos-para-eventos-empresariales\/#article","isPartOf":{"@id":"https:\/\/www.thewedery.com\/es\/que-tipos-de-catering-ofrecemos-para-eventos-empresariales\/"},"author":{"name":"adora","@id":"https:\/\/www.thewedery.com\/#\/schema\/person\/592d1d321053d0a76c2c9769c6fb642f"},"headline":"\u00bfQu\u00e9 tipos de catering ofrece The Wedery para eventos empresariales?","datePublished":"2025-12-11T11:27:44+00:00","mainEntityOfPage":{"@id":"https:\/\/www.thewedery.com\/es\/que-tipos-de-catering-ofrecemos-para-eventos-empresariales\/"},"wordCount":892,"publisher":{"@id":"https:\/\/www.thewedery.com\/#organization"},"image":{"@id":"https:\/\/www.thewedery.com\/es\/que-tipos-de-catering-ofrecemos-para-eventos-empresariales\/#primaryimage"},"thumbnailUrl":"https:\/\/www.thewedery.com\/wp\/wp-content\/uploads\/2025\/12\/IMG_1606.jpg","articleSection":["Empresas"],"inLanguage":"es"},{"@type":"WebPage","@id":"https:\/\/www.thewedery.com\/es\/que-tipos-de-catering-ofrecemos-para-eventos-empresariales\/","url":"https:\/\/www.thewedery.com\/es\/que-tipos-de-catering-ofrecemos-para-eventos-empresariales\/","name":"\u00bfQu\u00e9 catering ofrecemos para eventos de empresa? | The Wedery","isPartOf":{"@id":"https:\/\/www.thewedery.com\/#website"},"primaryImageOfPage":{"@id":"https:\/\/www.thewedery.com\/es\/que-tipos-de-catering-ofrecemos-para-eventos-empresariales\/#primaryimage"},"image":{"@id":"https:\/\/www.thewedery.com\/es\/que-tipos-de-catering-ofrecemos-para-eventos-empresariales\/#primaryimage"},"thumbnailUrl":"https:\/\/www.thewedery.com\/wp\/wp-content\/uploads\/2025\/12\/IMG_1606.jpg","datePublished":"2025-12-11T11:27:44+00:00","description":"Explora los tipos de catering para eventos empresariales y c\u00f3mo cada uno puede elevar la experiencia corporativa con gastronom\u00eda personalizada de calidad.","breadcrumb":{"@id":"https:\/\/www.thewedery.com\/es\/que-tipos-de-catering-ofrecemos-para-eventos-empresariales\/#breadcrumb"},"inLanguage":"es","potentialAction":[{"@type":"ReadAction","target":["https:\/\/www.thewedery.com\/es\/que-tipos-de-catering-ofrecemos-para-eventos-empresariales\/"]}]},{"@type":"ImageObject","inLanguage":"es","@id":"https:\/\/www.thewedery.com\/es\/que-tipos-de-catering-ofrecemos-para-eventos-empresariales\/#primaryimage","url":"https:\/\/www.thewedery.com\/wp\/wp-content\/uploads\/2025\/12\/IMG_1606.jpg","contentUrl":"https:\/\/www.thewedery.com\/wp\/wp-content\/uploads\/2025\/12\/IMG_1606.jpg","width":799,"height":599,"caption":"??????????"},{"@type":"BreadcrumbList","@id":"https:\/\/www.thewedery.com\/es\/que-tipos-de-catering-ofrecemos-para-eventos-empresariales\/#breadcrumb","itemListElement":[{"@type":"ListItem","position":1,"name":"Home","item":"https:\/\/www.thewedery.com\/es\/"},{"@type":"ListItem","position":2,"name":"\u00bfQu\u00e9 tipos de catering ofrece The Wedery para eventos empresariales?"}]},{"@type":"WebSite","@id":"https:\/\/www.thewedery.com\/#website","url":"https:\/\/www.thewedery.com\/","name":"The Wedery","description":"Eventos sociales y corporativos en Alicante","publisher":{"@id":"https:\/\/www.thewedery.com\/#organization"},"potentialAction":[{"@type":"SearchAction","target":{"@type":"EntryPoint","urlTemplate":"https:\/\/www.thewedery.com\/?s={search_term_string}"},"query-input":{"@type":"PropertyValueSpecification","valueRequired":true,"valueName":"search_term_string"}}],"inLanguage":"es"},{"@type":"Organization","@id":"https:\/\/www.thewedery.com\/#organization","name":"The Wedery","url":"https:\/\/www.thewedery.com\/","logo":{"@type":"ImageObject","inLanguage":"es","@id":"https:\/\/www.thewedery.com\/#\/schema\/logo\/image\/","url":"https:\/\/www.thewedery.com\/wp\/wp-content\/uploads\/2022\/03\/logo-admin.svg","contentUrl":"https:\/\/www.thewedery.com\/wp\/wp-content\/uploads\/2022\/03\/logo-admin.svg","caption":"The Wedery"},"image":{"@id":"https:\/\/www.thewedery.com\/#\/schema\/logo\/image\/"}},{"@type":"Person","@id":"https:\/\/www.thewedery.com\/#\/schema\/person\/592d1d321053d0a76c2c9769c6fb642f","name":"adora"}]}},"_links":{"self":[{"href":"https:\/\/www.thewedery.com\/es\/wp-json\/wp\/v2\/posts\/5743"}],"collection":[{"href":"https:\/\/www.thewedery.com\/es\/wp-json\/wp\/v2\/posts"}],"about":[{"href":"https:\/\/www.thewedery.com\/es\/wp-json\/wp\/v2\/types\/post"}],"author":[{"embeddable":true,"href":"https:\/\/www.thewedery.com\/es\/wp-json\/wp\/v2\/users\/1"}],"replies":[{"embeddable":true,"href":"https:\/\/www.thewedery.com\/es\/wp-json\/wp\/v2\/comments?post=5743"}],"version-history":[{"count":2,"href":"https:\/\/www.thewedery.com\/es\/wp-json\/wp\/v2\/posts\/5743\/revisions"}],"predecessor-version":[{"id":5749,"href":"https:\/\/www.thewedery.com\/es\/wp-json\/wp\/v2\/posts\/5743\/revisions\/5749"}],"wp:featuredmedia":[{"embeddable":true,"href":"https:\/\/www.thewedery.com\/es\/wp-json\/wp\/v2\/media\/5703"}],"wp:attachment":[{"href":"https:\/\/www.thewedery.com\/es\/wp-json\/wp\/v2\/media?parent=5743"}],"wp:term":[{"taxonomy":"category","embeddable":true,"href":"https:\/\/www.thewedery.com\/es\/wp-json\/wp\/v2\/categories?post=5743"},{"taxonomy":"post_tag","embeddable":true,"href":"https:\/\/www.thewedery.com\/es\/wp-json\/wp\/v2\/tags?post=5743"}],"curies":[{"name":"wp","href":"https:\/\/api.w.org\/{rel}","templated":true}]}}