{"id":5700,"date":"2025-12-01T13:16:38","date_gmt":"2025-12-01T12:16:38","guid":{"rendered":"https:\/\/www.thewedery.com\/es\/?p=5700"},"modified":"2025-12-01T13:16:38","modified_gmt":"2025-12-01T12:16:38","slug":"es-importante-el-catering-en-evento-empresarial","status":"publish","type":"post","link":"https:\/\/www.thewedery.com\/es\/es-importante-el-catering-en-evento-empresarial\/","title":{"rendered":"\u00bfEs importante el catering en un evento empresarial?"},"content":{"rendered":"<h2><b>La gastronom\u00eda de un evento de empresa: parte de la imagen corporativa<\/b><\/h2>\n<p class=\"lead\"><span style=\"font-weight: 400;\">En un evento empresarial, todo comunica. Desde la selecci\u00f3n del espacio hasta el tipo de iluminaci\u00f3n. \u00bfPor qu\u00e9 el catering ser\u00eda una excepci\u00f3n?<\/span><\/p>\n<p><span style=\"font-weight: 400;\">La comida y la presentaci\u00f3n del servicio dicen mucho sobre la empresa anfitriona. Un <\/span><b>men\u00fa cuidado, un servicio profesional y una puesta en escena elegante <\/b><span style=\"font-weight: 400;\">transmiten:<\/span><\/p>\n<ul>\n<li aria-level=\"1\"><b>Atenci\u00f3n al detalle<\/b><\/li>\n<li aria-level=\"1\"><b>Profesionalidad<\/b><\/li>\n<li aria-level=\"1\"><b>Calidad<\/b><\/li>\n<li aria-level=\"1\"><b>Cercan\u00eda y hospitalidad<\/b><\/li>\n<li aria-level=\"1\"><b>Compromiso con la excelencia<\/b><\/li>\n<\/ul>\n<h2><b>Importancia del catering en el ambiente y productividad de un evento<\/b><\/h2>\n<p><span style=\"font-weight: 400;\">La experiencia gastron\u00f3mica afecta de manera directa al ambiente del evento. Elegir un catering adecuado no solo cuida el bienestar del asistente: tambi\u00e9n favorece la din\u00e1mica corporativa.<\/span><\/p>\n<p><span style=\"font-weight: 400;\">En un <\/span><b>networking<\/b><span style=\"font-weight: 400;\">, una <\/span><a href=\"https:\/\/www.thewedery.com\/es\/eventos-para-empresas-cocktail\/\"><span style=\"font-weight: 400;\">opci\u00f3n tipo c\u00f3ctel<\/span><\/a><span style=\"font-weight: 400;\"> con estaciones de comida facilita que la gente se mueva, converse y establezca nuevas conexiones. En una<\/span><b> formaci\u00f3n interna<\/b><span style=\"font-weight: 400;\">, un <\/span><a href=\"https:\/\/www.thewedery.com\/es\/coffee-break-y-finger-food\/\"><span style=\"font-weight: 400;\">coffee break<\/span><\/a><span style=\"font-weight: 400;\"> equilibrado ayuda a mantener la energ\u00eda y mejorar la concentraci\u00f3n. En una <\/span><a href=\"https:\/\/www.thewedery.com\/es\/cena-de-gala\/\"><b>cena de gala<\/b><\/a><span style=\"font-weight: 400;\">, un men\u00fa degustaci\u00f3n elegante convierte la noche en una experiencia inolvidable.<\/span><\/p>\n<p><span style=\"font-weight: 400;\">Un mal catering, sin embargo, puede romper el ritmo del evento, generar incomodidad o incluso provocar retrasos. Por eso <\/span><b>elegir proveedores expertos es fundamental.<\/b><\/p>\n<h2><b>Tipos de catering para eventos empresariales<\/b><\/h2>\n<p><span style=\"font-weight: 400;\">Seg\u00fan el tipo de evento y la duraci\u00f3n, existen diferentes formatos gastron\u00f3micos que aportan dinamismo y profesionalidad:<\/span><b><\/b><\/p>\n<ul>\n<li aria-level=\"1\"><b>Coffee break o desayuno corporativo<\/b><\/li>\n<\/ul>\n<p><span style=\"font-weight: 400;\">Perfecto para reuniones internas, conferencias o formaciones matinales. Suelen incluir opciones ligeras y saludables.<\/span><b><\/b><\/p>\n<ul>\n<li aria-level=\"1\"><b>Comida tipo c\u00f3ctel<\/b><\/li>\n<\/ul>\n<p><span style=\"font-weight: 400;\">Ideal para eventos de networking, presentaciones de producto y recepciones m\u00e1s din\u00e1micas. Permite que los asistentes se relacionen mientras prueban diferentes bocados.<\/span><b><\/b><\/p>\n<img fetchpriority=\"high\" decoding=\"async\" width=\"799\" height=\"599\" class=\"size-full wp-image-5703 aligncenter\" src=\"https:\/\/www.thewedery.com\/wp\/wp-content\/uploads\/2025\/12\/IMG_1606.jpg\" alt=\"\" srcset=\"https:\/\/www.thewedery.com\/wp\/wp-content\/uploads\/2025\/12\/IMG_1606.jpg 799w, https:\/\/www.thewedery.com\/wp\/wp-content\/uploads\/2025\/12\/IMG_1606-300x225.jpg 300w, https:\/\/www.thewedery.com\/wp\/wp-content\/uploads\/2025\/12\/IMG_1606-768x576.jpg 768w\" sizes=\"(max-width: 799px) 100vw, 799px\" \/>\n<p>&nbsp;<\/p>\n<ul>\n<li aria-level=\"1\"><b>Banquete formal<\/b><\/li>\n<\/ul>\n<p><span style=\"font-weight: 400;\">Es la opci\u00f3n m\u00e1s elegante, pensada para cenas de gala, premiaciones y eventos corporativos de alto nivel.<\/span><b><\/b><\/p>\n<img decoding=\"async\" width=\"1024\" height=\"637\" class=\"size-large wp-image-5706 aligncenter\" src=\"https:\/\/www.thewedery.com\/wp\/wp-content\/uploads\/2025\/12\/IMG_1638-1024x637.jpg\" alt=\"\" srcset=\"https:\/\/www.thewedery.com\/wp\/wp-content\/uploads\/2025\/12\/IMG_1638-1024x637.jpg 1024w, https:\/\/www.thewedery.com\/wp\/wp-content\/uploads\/2025\/12\/IMG_1638-300x187.jpg 300w, https:\/\/www.thewedery.com\/wp\/wp-content\/uploads\/2025\/12\/IMG_1638-768x478.jpg 768w, https:\/\/www.thewedery.com\/wp\/wp-content\/uploads\/2025\/12\/IMG_1638.jpg 1170w\" sizes=\"(max-width: 1024px) 100vw, 1024px\" \/>\n<p>&nbsp;<\/p>\n<ul>\n<li aria-level=\"1\"><b>Estaciones gastron\u00f3micas<\/b><\/li>\n<\/ul>\n<p><span style=\"font-weight: 400;\">Una tendencia en auge: sushi bar, mesa de quesos, <em>showcooking<\/em> mediterr\u00e1neo, barras de bebida\u2026 A\u00f1aden espect\u00e1culo, interacci\u00f3n y personalidad al evento.<\/span><\/p>\n<img decoding=\"async\" width=\"1024\" height=\"683\" class=\"size-large wp-image-5594 aligncenter\" src=\"https:\/\/www.thewedery.com\/wp\/wp-content\/uploads\/2025\/11\/1_39-1024x683.jpg\" alt=\"\" srcset=\"https:\/\/www.thewedery.com\/wp\/wp-content\/uploads\/2025\/11\/1_39-1024x683.jpg 1024w, https:\/\/www.thewedery.com\/wp\/wp-content\/uploads\/2025\/11\/1_39-300x200.jpg 300w, https:\/\/www.thewedery.com\/wp\/wp-content\/uploads\/2025\/11\/1_39-768x512.jpg 768w, https:\/\/www.thewedery.com\/wp\/wp-content\/uploads\/2025\/11\/1_39-968x646.jpg 968w, https:\/\/www.thewedery.com\/wp\/wp-content\/uploads\/2025\/11\/1_39.jpg 1500w\" sizes=\"(max-width: 1024px) 100vw, 1024px\" \/>\n<p><span style=\"font-weight: 400;\">Cada formato debe elegirse teniendo en cuenta el <\/span><b>objetivo del evento, el perfil de los asistentes y el estilo de la empresa.<\/b><\/p>\n<h2><b>El papel del servicio: tan importante como la comida<\/b><\/h2>\n<p><span style=\"font-weight: 400;\">En eventos corporativos, la atenci\u00f3n al cliente es crucial. Un excelente men\u00fa puede perder su impacto si el servicio no est\u00e1 a la altura. El equipo de servicio forma parte de la experiencia y, en ocasiones, es el principal contacto que los asistentes tienen con la empresa anfitriona. \u00bfQu\u00e9 debes tener en cuenta en este aspecto?<\/span><\/p>\n<ul>\n<li aria-level=\"1\"><b>Profesionalidad y discreci\u00f3n <\/b><span style=\"font-weight: 400;\">por parte del equipo del catering.<\/span><\/li>\n<li aria-level=\"1\"><b>Capacidad para adaptarse al ritmo del evento,<\/b><span style=\"font-weight: 400;\"> ya sea que surjan sorpresas inesperadas, o retrasos.<\/span><\/li>\n<li aria-level=\"1\"><b>Buena resoluci\u00f3n ante imprevistos.<\/b><\/li>\n<li aria-level=\"1\"><b>Cuidado minucioso en los detalles<\/b><span style=\"font-weight: 400;\">, tanto en los platos como en la atenci\u00f3n.<\/span><\/li>\n<li aria-level=\"1\"><b>Imagen acorde al est\u00e1ndar del evento,<\/b><span style=\"font-weight: 400;\"> adapt\u00e1ndose tanto a la empresa como al ambiente del evento.<\/span><\/li>\n<\/ul>\n<h2><b>\u00bfPor qu\u00e9 elegir un catering especializado como The Wedery en eventos empresariales?<\/b><\/h2>\n<p><span style=\"font-weight: 400;\">En The Wedery entendemos que el catering es una de las piezas centrales de cualquier evento empresarial. Por eso, contamos con un equipo propio de chefs, maitres y camareros altamente cualificados, especializados en eventos de empresa, incentivos y encuentros de networking. Un catering especializado no solo cocina: <\/span><b>entiende las necesidades corporativas.\u00a0<\/b><\/p>\n<p><span style=\"font-weight: 400;\">Nuestra gastronom\u00eda se basa en <\/span><b>ingredientes locales<\/b><span style=\"font-weight: 400;\">, recetas mediterr\u00e1neas reinterpretadas, presentaciones cuidadas, propuestas completamente\u00a0 adaptadas a cada empresa y men\u00fas equilibrados pero sorprendentes. Adem\u00e1s, ofrecemos estaciones gastron\u00f3micas, c\u00f3cteles corporativos, coffee breaks premium y men\u00fas completos dise\u00f1ados seg\u00fan los objetivos del evento.<\/span><\/p>\n<p><span style=\"font-weight: 400;\">Nos ocupamos de <\/span><b>toda la parte gastron\u00f3mica y tambi\u00e9n de la log\u00edstica, la ambientaci\u00f3n y el personal<\/b><span style=\"font-weight: 400;\">, para que tu equipo pueda centrarse en lo esencial: conectar, comunicar y disfrutar del evento. Si buscas un catering que represente a tu empresa con elegancia, profesionalidad y un toque fresco mediterr\u00e1neo, estamos aqu\u00ed para ayudarte.<\/span><\/p>\n","protected":false},"excerpt":{"rendered":"<p>Cuando una empresa organiza un evento corporativo, ya sea una presentaci\u00f3n de producto, una convenci\u00f3n, una reuni\u00f3n anual o un encuentro de networking, cada detalle influye en la percepci\u00f3n que los asistentes tendr\u00e1n de la marca. La log\u00edstica, el contenido, la decoraci\u00f3n y el ambiente son factores clave, pero hay un elemento que, con frecuencia, determina el \u00e9xito del evento mucho m\u00e1s de lo que se piensa: el catering.<\/p>\n<p>La experiencia gastron\u00f3mica no es simplemente \u201cdar de comer\u201d. Es una herramienta estrat\u00e9gica que refuerza la identidad corporativa, crea una atm\u00f3sfera adecuada y ayuda a que los asistentes se sientan valorados. Su impacto va mucho m\u00e1s all\u00e1 del paladar.<\/p>\n","protected":false},"author":1,"featured_media":5593,"comment_status":"closed","ping_status":"closed","sticky":false,"template":"","format":"standard","meta":{"footnotes":""},"categories":[34],"tags":[],"class_list":["post-5700","post","type-post","status-publish","format-standard","has-post-thumbnail","hentry","category-empresas"],"yoast_head":"<!-- This site is optimized with the Yoast SEO plugin v24.6 - https:\/\/yoast.com\/wordpress\/plugins\/seo\/ -->\n<title>\u00bfEs importante el catering en un evento empresarial? | The Wedery<\/title>\n<meta name=\"description\" content=\"El catering influye en la imagen, experiencia y \u00e9xito de un evento empresarial. Te contamos por qu\u00e9 es clave y c\u00f3mo podemos elevar tu encuentro de empresa.\" \/>\n<meta name=\"robots\" content=\"index, follow, max-snippet:-1, max-image-preview:large, max-video-preview:-1\" \/>\n<link rel=\"canonical\" href=\"https:\/\/www.thewedery.com\/es\/es-importante-el-catering-en-evento-empresarial\/\" \/>\n<meta property=\"og:locale\" content=\"es_ES\" \/>\n<meta property=\"og:type\" content=\"article\" \/>\n<meta property=\"og:title\" content=\"\u00bfEs importante el catering en un evento empresarial? | The Wedery\" \/>\n<meta property=\"og:description\" content=\"El catering influye en la imagen, experiencia y \u00e9xito de un evento empresarial. Te contamos por qu\u00e9 es clave y c\u00f3mo podemos elevar tu encuentro de empresa.\" \/>\n<meta property=\"og:url\" content=\"https:\/\/www.thewedery.com\/es\/es-importante-el-catering-en-evento-empresarial\/\" \/>\n<meta property=\"og:site_name\" content=\"The Wedery\" \/>\n<meta property=\"article:published_time\" content=\"2025-12-01T12:16:38+00:00\" \/>\n<meta property=\"og:image\" content=\"https:\/\/www.thewedery.com\/wp\/wp-content\/uploads\/2025\/11\/1_45.jpg\" \/>\n\t<meta property=\"og:image:width\" content=\"1500\" \/>\n\t<meta property=\"og:image:height\" content=\"1000\" \/>\n\t<meta property=\"og:image:type\" content=\"image\/jpeg\" \/>\n<meta name=\"author\" content=\"adora\" \/>\n<meta name=\"twitter:label1\" content=\"Escrito por\" \/>\n\t<meta name=\"twitter:data1\" content=\"adora\" \/>\n\t<meta name=\"twitter:label2\" content=\"Tiempo de lectura\" \/>\n\t<meta name=\"twitter:data2\" content=\"4 minutos\" \/>\n<script type=\"application\/ld+json\" class=\"yoast-schema-graph\">{\"@context\":\"https:\/\/schema.org\",\"@graph\":[{\"@type\":\"Article\",\"@id\":\"https:\/\/www.thewedery.com\/es\/es-importante-el-catering-en-evento-empresarial\/#article\",\"isPartOf\":{\"@id\":\"https:\/\/www.thewedery.com\/es\/es-importante-el-catering-en-evento-empresarial\/\"},\"author\":{\"name\":\"adora\",\"@id\":\"https:\/\/www.thewedery.com\/#\/schema\/person\/592d1d321053d0a76c2c9769c6fb642f\"},\"headline\":\"\u00bfEs importante el catering en un evento empresarial?\",\"datePublished\":\"2025-12-01T12:16:38+00:00\",\"mainEntityOfPage\":{\"@id\":\"https:\/\/www.thewedery.com\/es\/es-importante-el-catering-en-evento-empresarial\/\"},\"wordCount\":660,\"publisher\":{\"@id\":\"https:\/\/www.thewedery.com\/#organization\"},\"image\":{\"@id\":\"https:\/\/www.thewedery.com\/es\/es-importante-el-catering-en-evento-empresarial\/#primaryimage\"},\"thumbnailUrl\":\"https:\/\/www.thewedery.com\/wp\/wp-content\/uploads\/2025\/11\/1_45.jpg\",\"articleSection\":[\"Empresas\"],\"inLanguage\":\"es\"},{\"@type\":\"WebPage\",\"@id\":\"https:\/\/www.thewedery.com\/es\/es-importante-el-catering-en-evento-empresarial\/\",\"url\":\"https:\/\/www.thewedery.com\/es\/es-importante-el-catering-en-evento-empresarial\/\",\"name\":\"\u00bfEs importante el catering en un evento empresarial? | The Wedery\",\"isPartOf\":{\"@id\":\"https:\/\/www.thewedery.com\/#website\"},\"primaryImageOfPage\":{\"@id\":\"https:\/\/www.thewedery.com\/es\/es-importante-el-catering-en-evento-empresarial\/#primaryimage\"},\"image\":{\"@id\":\"https:\/\/www.thewedery.com\/es\/es-importante-el-catering-en-evento-empresarial\/#primaryimage\"},\"thumbnailUrl\":\"https:\/\/www.thewedery.com\/wp\/wp-content\/uploads\/2025\/11\/1_45.jpg\",\"datePublished\":\"2025-12-01T12:16:38+00:00\",\"description\":\"El catering influye en la imagen, experiencia y \u00e9xito de un evento empresarial. Te contamos por qu\u00e9 es clave y c\u00f3mo podemos elevar tu encuentro de empresa.\",\"breadcrumb\":{\"@id\":\"https:\/\/www.thewedery.com\/es\/es-importante-el-catering-en-evento-empresarial\/#breadcrumb\"},\"inLanguage\":\"es\",\"potentialAction\":[{\"@type\":\"ReadAction\",\"target\":[\"https:\/\/www.thewedery.com\/es\/es-importante-el-catering-en-evento-empresarial\/\"]}]},{\"@type\":\"ImageObject\",\"inLanguage\":\"es\",\"@id\":\"https:\/\/www.thewedery.com\/es\/es-importante-el-catering-en-evento-empresarial\/#primaryimage\",\"url\":\"https:\/\/www.thewedery.com\/wp\/wp-content\/uploads\/2025\/11\/1_45.jpg\",\"contentUrl\":\"https:\/\/www.thewedery.com\/wp\/wp-content\/uploads\/2025\/11\/1_45.jpg\",\"width\":1500,\"height\":1000},{\"@type\":\"BreadcrumbList\",\"@id\":\"https:\/\/www.thewedery.com\/es\/es-importante-el-catering-en-evento-empresarial\/#breadcrumb\",\"itemListElement\":[{\"@type\":\"ListItem\",\"position\":1,\"name\":\"Home\",\"item\":\"https:\/\/www.thewedery.com\/es\/\"},{\"@type\":\"ListItem\",\"position\":2,\"name\":\"\u00bfEs importante el catering en un evento empresarial?\"}]},{\"@type\":\"WebSite\",\"@id\":\"https:\/\/www.thewedery.com\/#website\",\"url\":\"https:\/\/www.thewedery.com\/\",\"name\":\"The Wedery\",\"description\":\"Eventos sociales y corporativos en Alicante\",\"publisher\":{\"@id\":\"https:\/\/www.thewedery.com\/#organization\"},\"potentialAction\":[{\"@type\":\"SearchAction\",\"target\":{\"@type\":\"EntryPoint\",\"urlTemplate\":\"https:\/\/www.thewedery.com\/?s={search_term_string}\"},\"query-input\":{\"@type\":\"PropertyValueSpecification\",\"valueRequired\":true,\"valueName\":\"search_term_string\"}}],\"inLanguage\":\"es\"},{\"@type\":\"Organization\",\"@id\":\"https:\/\/www.thewedery.com\/#organization\",\"name\":\"The Wedery\",\"url\":\"https:\/\/www.thewedery.com\/\",\"logo\":{\"@type\":\"ImageObject\",\"inLanguage\":\"es\",\"@id\":\"https:\/\/www.thewedery.com\/#\/schema\/logo\/image\/\",\"url\":\"https:\/\/www.thewedery.com\/wp\/wp-content\/uploads\/2022\/03\/logo-admin.svg\",\"contentUrl\":\"https:\/\/www.thewedery.com\/wp\/wp-content\/uploads\/2022\/03\/logo-admin.svg\",\"caption\":\"The Wedery\"},\"image\":{\"@id\":\"https:\/\/www.thewedery.com\/#\/schema\/logo\/image\/\"}},{\"@type\":\"Person\",\"@id\":\"https:\/\/www.thewedery.com\/#\/schema\/person\/592d1d321053d0a76c2c9769c6fb642f\",\"name\":\"adora\"}]}<\/script>\n<!-- \/ Yoast SEO plugin. -->","yoast_head_json":{"title":"\u00bfEs importante el catering en un evento empresarial? | The Wedery","description":"El catering influye en la imagen, experiencia y \u00e9xito de un evento empresarial. Te contamos por qu\u00e9 es clave y c\u00f3mo podemos elevar tu encuentro de empresa.","robots":{"index":"index","follow":"follow","max-snippet":"max-snippet:-1","max-image-preview":"max-image-preview:large","max-video-preview":"max-video-preview:-1"},"canonical":"https:\/\/www.thewedery.com\/es\/es-importante-el-catering-en-evento-empresarial\/","og_locale":"es_ES","og_type":"article","og_title":"\u00bfEs importante el catering en un evento empresarial? | The Wedery","og_description":"El catering influye en la imagen, experiencia y \u00e9xito de un evento empresarial. Te contamos por qu\u00e9 es clave y c\u00f3mo podemos elevar tu encuentro de empresa.","og_url":"https:\/\/www.thewedery.com\/es\/es-importante-el-catering-en-evento-empresarial\/","og_site_name":"The Wedery","article_published_time":"2025-12-01T12:16:38+00:00","og_image":[{"width":1500,"height":1000,"url":"https:\/\/www.thewedery.com\/wp\/wp-content\/uploads\/2025\/11\/1_45.jpg","type":"image\/jpeg"}],"author":"adora","twitter_misc":{"Escrito por":"adora","Tiempo de lectura":"4 minutos"},"schema":{"@context":"https:\/\/schema.org","@graph":[{"@type":"Article","@id":"https:\/\/www.thewedery.com\/es\/es-importante-el-catering-en-evento-empresarial\/#article","isPartOf":{"@id":"https:\/\/www.thewedery.com\/es\/es-importante-el-catering-en-evento-empresarial\/"},"author":{"name":"adora","@id":"https:\/\/www.thewedery.com\/#\/schema\/person\/592d1d321053d0a76c2c9769c6fb642f"},"headline":"\u00bfEs importante el catering en un evento empresarial?","datePublished":"2025-12-01T12:16:38+00:00","mainEntityOfPage":{"@id":"https:\/\/www.thewedery.com\/es\/es-importante-el-catering-en-evento-empresarial\/"},"wordCount":660,"publisher":{"@id":"https:\/\/www.thewedery.com\/#organization"},"image":{"@id":"https:\/\/www.thewedery.com\/es\/es-importante-el-catering-en-evento-empresarial\/#primaryimage"},"thumbnailUrl":"https:\/\/www.thewedery.com\/wp\/wp-content\/uploads\/2025\/11\/1_45.jpg","articleSection":["Empresas"],"inLanguage":"es"},{"@type":"WebPage","@id":"https:\/\/www.thewedery.com\/es\/es-importante-el-catering-en-evento-empresarial\/","url":"https:\/\/www.thewedery.com\/es\/es-importante-el-catering-en-evento-empresarial\/","name":"\u00bfEs importante el catering en un evento empresarial? | The Wedery","isPartOf":{"@id":"https:\/\/www.thewedery.com\/#website"},"primaryImageOfPage":{"@id":"https:\/\/www.thewedery.com\/es\/es-importante-el-catering-en-evento-empresarial\/#primaryimage"},"image":{"@id":"https:\/\/www.thewedery.com\/es\/es-importante-el-catering-en-evento-empresarial\/#primaryimage"},"thumbnailUrl":"https:\/\/www.thewedery.com\/wp\/wp-content\/uploads\/2025\/11\/1_45.jpg","datePublished":"2025-12-01T12:16:38+00:00","description":"El catering influye en la imagen, experiencia y \u00e9xito de un evento empresarial. Te contamos por qu\u00e9 es clave y c\u00f3mo podemos elevar tu encuentro de empresa.","breadcrumb":{"@id":"https:\/\/www.thewedery.com\/es\/es-importante-el-catering-en-evento-empresarial\/#breadcrumb"},"inLanguage":"es","potentialAction":[{"@type":"ReadAction","target":["https:\/\/www.thewedery.com\/es\/es-importante-el-catering-en-evento-empresarial\/"]}]},{"@type":"ImageObject","inLanguage":"es","@id":"https:\/\/www.thewedery.com\/es\/es-importante-el-catering-en-evento-empresarial\/#primaryimage","url":"https:\/\/www.thewedery.com\/wp\/wp-content\/uploads\/2025\/11\/1_45.jpg","contentUrl":"https:\/\/www.thewedery.com\/wp\/wp-content\/uploads\/2025\/11\/1_45.jpg","width":1500,"height":1000},{"@type":"BreadcrumbList","@id":"https:\/\/www.thewedery.com\/es\/es-importante-el-catering-en-evento-empresarial\/#breadcrumb","itemListElement":[{"@type":"ListItem","position":1,"name":"Home","item":"https:\/\/www.thewedery.com\/es\/"},{"@type":"ListItem","position":2,"name":"\u00bfEs importante el catering en un evento empresarial?"}]},{"@type":"WebSite","@id":"https:\/\/www.thewedery.com\/#website","url":"https:\/\/www.thewedery.com\/","name":"The Wedery","description":"Eventos sociales y corporativos en Alicante","publisher":{"@id":"https:\/\/www.thewedery.com\/#organization"},"potentialAction":[{"@type":"SearchAction","target":{"@type":"EntryPoint","urlTemplate":"https:\/\/www.thewedery.com\/?s={search_term_string}"},"query-input":{"@type":"PropertyValueSpecification","valueRequired":true,"valueName":"search_term_string"}}],"inLanguage":"es"},{"@type":"Organization","@id":"https:\/\/www.thewedery.com\/#organization","name":"The Wedery","url":"https:\/\/www.thewedery.com\/","logo":{"@type":"ImageObject","inLanguage":"es","@id":"https:\/\/www.thewedery.com\/#\/schema\/logo\/image\/","url":"https:\/\/www.thewedery.com\/wp\/wp-content\/uploads\/2022\/03\/logo-admin.svg","contentUrl":"https:\/\/www.thewedery.com\/wp\/wp-content\/uploads\/2022\/03\/logo-admin.svg","caption":"The Wedery"},"image":{"@id":"https:\/\/www.thewedery.com\/#\/schema\/logo\/image\/"}},{"@type":"Person","@id":"https:\/\/www.thewedery.com\/#\/schema\/person\/592d1d321053d0a76c2c9769c6fb642f","name":"adora"}]}},"_links":{"self":[{"href":"https:\/\/www.thewedery.com\/es\/wp-json\/wp\/v2\/posts\/5700"}],"collection":[{"href":"https:\/\/www.thewedery.com\/es\/wp-json\/wp\/v2\/posts"}],"about":[{"href":"https:\/\/www.thewedery.com\/es\/wp-json\/wp\/v2\/types\/post"}],"author":[{"embeddable":true,"href":"https:\/\/www.thewedery.com\/es\/wp-json\/wp\/v2\/users\/1"}],"replies":[{"embeddable":true,"href":"https:\/\/www.thewedery.com\/es\/wp-json\/wp\/v2\/comments?post=5700"}],"version-history":[{"count":4,"href":"https:\/\/www.thewedery.com\/es\/wp-json\/wp\/v2\/posts\/5700\/revisions"}],"predecessor-version":[{"id":5708,"href":"https:\/\/www.thewedery.com\/es\/wp-json\/wp\/v2\/posts\/5700\/revisions\/5708"}],"wp:featuredmedia":[{"embeddable":true,"href":"https:\/\/www.thewedery.com\/es\/wp-json\/wp\/v2\/media\/5593"}],"wp:attachment":[{"href":"https:\/\/www.thewedery.com\/es\/wp-json\/wp\/v2\/media?parent=5700"}],"wp:term":[{"taxonomy":"category","embeddable":true,"href":"https:\/\/www.thewedery.com\/es\/wp-json\/wp\/v2\/categories?post=5700"},{"taxonomy":"post_tag","embeddable":true,"href":"https:\/\/www.thewedery.com\/es\/wp-json\/wp\/v2\/tags?post=5700"}],"curies":[{"name":"wp","href":"https:\/\/api.w.org\/{rel}","templated":true}]}}