{"id":5612,"date":"2025-11-24T12:40:33","date_gmt":"2025-11-24T11:40:33","guid":{"rendered":"https:\/\/www.thewedery.com\/es\/?p=5612"},"modified":"2025-11-24T12:40:33","modified_gmt":"2025-11-24T11:40:33","slug":"boda-maria-y-jose","status":"publish","type":"post","link":"https:\/\/www.thewedery.com\/es\/boda-maria-y-jose\/","title":{"rendered":"Mar\u00eda &#038; Jos\u00e9: un \u00abs\u00ed, quiero\u00bb de pura elegancia"},"content":{"rendered":"<div id=\"model-response-message-contentr_c44f85006e7e8934\" class=\"markdown markdown-main-panel stronger enable-updated-hr-color\" dir=\"ltr\" aria-live=\"polite\" aria-busy=\"false\">\n<p style=\"text-align: center;\" data-path-to-node=\"2\" class=\"lead\">La elegancia no necesita estridencias, y la celebraci\u00f3n de <b>Mar\u00eda y Jos\u00e9<\/b> fue la prueba palpable de ello. Dise\u00f1amos una atm\u00f3sfera donde la pureza del color blanco y la transparencia del cristal jugaron el papel protagonista, creando un entorno \u00edntimo, et\u00e9reo y absolutamente sofisticado para sus <b>160 invitados<\/b>.<\/p>\n\n\t\t<style type=\"text\/css\">\n\t\t\t#gallery-1 {\n\t\t\t\tmargin: auto;\n\t\t\t}\n\t\t\t#gallery-1 .gallery-item {\n\t\t\t\tfloat: left;\n\t\t\t\tmargin-top: 10px;\n\t\t\t\ttext-align: center;\n\t\t\t\twidth: 33%;\n\t\t\t}\n\t\t\t#gallery-1 img {\n\t\t\t\tborder: 2px solid #cfcfcf;\n\t\t\t}\n\t\t\t#gallery-1 .gallery-caption {\n\t\t\t\tmargin-left: 0;\n\t\t\t}\n\t\t\t\/* see gallery_shortcode() in wp-includes\/media.php *\/\n\t\t<\/style>\n\t\t<div id='gallery-1' class='gallery galleryid-5612 gallery-columns-3 gallery-size-large'><dl class='gallery-item'>\n\t\t\t<dt class='gallery-icon portrait'>\n\t\t\t\t<a class=\"thumbnail\" href='https:\/\/www.thewedery.com\/es\/boda-maria-y-jose\/doble-ele-studio-fotografia-boda-villa-y-esther-post-117\/'><img fetchpriority=\"high\" decoding=\"async\" width=\"580\" height=\"870\" src=\"https:\/\/www.thewedery.com\/wp\/wp-content\/uploads\/2025\/11\/DOBLE-ELE-STUDIO-FOTOGRAFIA-BODA-VILLA-Y-ESTHER-POST-117-683x1024.jpg\" class=\"attachment-large size-large\" alt=\"\" srcset=\"https:\/\/www.thewedery.com\/wp\/wp-content\/uploads\/2025\/11\/DOBLE-ELE-STUDIO-FOTOGRAFIA-BODA-VILLA-Y-ESTHER-POST-117-683x1024.jpg 683w, https:\/\/www.thewedery.com\/wp\/wp-content\/uploads\/2025\/11\/DOBLE-ELE-STUDIO-FOTOGRAFIA-BODA-VILLA-Y-ESTHER-POST-117-200x300.jpg 200w, https:\/\/www.thewedery.com\/wp\/wp-content\/uploads\/2025\/11\/DOBLE-ELE-STUDIO-FOTOGRAFIA-BODA-VILLA-Y-ESTHER-POST-117-768x1152.jpg 768w, https:\/\/www.thewedery.com\/wp\/wp-content\/uploads\/2025\/11\/DOBLE-ELE-STUDIO-FOTOGRAFIA-BODA-VILLA-Y-ESTHER-POST-117.jpg 1000w\" sizes=\"(max-width: 580px) 100vw, 580px\" \/><\/a>\n\t\t\t<\/dt><\/dl><dl class='gallery-item'>\n\t\t\t<dt class='gallery-icon portrait'>\n\t\t\t\t<a class=\"thumbnail\" href='https:\/\/www.thewedery.com\/es\/boda-maria-y-jose\/doble-ele-studio-fotografia-boda-villa-y-esther-post-158\/'><img decoding=\"async\" width=\"580\" height=\"870\" src=\"https:\/\/www.thewedery.com\/wp\/wp-content\/uploads\/2025\/11\/DOBLE-ELE-STUDIO-FOTOGRAFIA-BODA-VILLA-Y-ESTHER-POST-158-683x1024.jpg\" class=\"attachment-large size-large\" alt=\"\" srcset=\"https:\/\/www.thewedery.com\/wp\/wp-content\/uploads\/2025\/11\/DOBLE-ELE-STUDIO-FOTOGRAFIA-BODA-VILLA-Y-ESTHER-POST-158-683x1024.jpg 683w, https:\/\/www.thewedery.com\/wp\/wp-content\/uploads\/2025\/11\/DOBLE-ELE-STUDIO-FOTOGRAFIA-BODA-VILLA-Y-ESTHER-POST-158-200x300.jpg 200w, https:\/\/www.thewedery.com\/wp\/wp-content\/uploads\/2025\/11\/DOBLE-ELE-STUDIO-FOTOGRAFIA-BODA-VILLA-Y-ESTHER-POST-158-768x1151.jpg 768w, https:\/\/www.thewedery.com\/wp\/wp-content\/uploads\/2025\/11\/DOBLE-ELE-STUDIO-FOTOGRAFIA-BODA-VILLA-Y-ESTHER-POST-158.jpg 1000w\" sizes=\"(max-width: 580px) 100vw, 580px\" \/><\/a>\n\t\t\t<\/dt><\/dl><dl class='gallery-item'>\n\t\t\t<dt class='gallery-icon portrait'>\n\t\t\t\t<a class=\"thumbnail\" href='https:\/\/www.thewedery.com\/es\/boda-maria-y-jose\/doble-ele-studio-fotografia-boda-villa-y-esther-post-153\/'><img decoding=\"async\" width=\"580\" height=\"870\" src=\"https:\/\/www.thewedery.com\/wp\/wp-content\/uploads\/2025\/11\/DOBLE-ELE-STUDIO-FOTOGRAFIA-BODA-VILLA-Y-ESTHER-POST-153-683x1024.jpg\" class=\"attachment-large size-large\" alt=\"\" srcset=\"https:\/\/www.thewedery.com\/wp\/wp-content\/uploads\/2025\/11\/DOBLE-ELE-STUDIO-FOTOGRAFIA-BODA-VILLA-Y-ESTHER-POST-153-683x1024.jpg 683w, https:\/\/www.thewedery.com\/wp\/wp-content\/uploads\/2025\/11\/DOBLE-ELE-STUDIO-FOTOGRAFIA-BODA-VILLA-Y-ESTHER-POST-153-200x300.jpg 200w, https:\/\/www.thewedery.com\/wp\/wp-content\/uploads\/2025\/11\/DOBLE-ELE-STUDIO-FOTOGRAFIA-BODA-VILLA-Y-ESTHER-POST-153-768x1151.jpg 768w, https:\/\/www.thewedery.com\/wp\/wp-content\/uploads\/2025\/11\/DOBLE-ELE-STUDIO-FOTOGRAFIA-BODA-VILLA-Y-ESTHER-POST-153.jpg 1000w\" sizes=\"(max-width: 580px) 100vw, 580px\" \/><\/a>\n\t\t\t<\/dt><\/dl><br style=\"clear: both\" \/>\n\t\t<\/div>\n\n<h2 style=\"text-align: center;\">Romance en blanco: una celebraci\u00f3n de luz y cristal en Murcia<\/h2>\n<p style=\"text-align: center;\" data-path-to-node=\"4\">Como responsables del <b>Catering y la coordinaci\u00f3n del evento<\/b>, en The Wedery nos aseguramos de que la experiencia fuera tan impecable como la est\u00e9tica. La iluminaci\u00f3n fue clave: cientos de velas ba\u00f1aron el espacio con una luz c\u00e1lida que se reflejaba en la cristaler\u00eda y en la exquisita selecci\u00f3n textil de <b>Manteler\u00eda y Menaje<\/b>, creando un juego visual m\u00e1gico capturado a la perfecci\u00f3n por la lente de <b>Doble L<\/b>.<\/p>\n<p style=\"text-align: center;\" data-path-to-node=\"5\">La narrativa visual del \u00abtodo al blanco\u00bb se mantuvo coherente en cada rinc\u00f3n, destacando la delicadeza de los arreglos de <b>Vero Florista<\/b> y, muy especialmente, la tarta nupcial. Una obra minimalista y blanca creada por <b>Caperucita Cupcakes<\/b> que no solo endulz\u00f3 la velada, sino que sirvi\u00f3 como pieza central de dise\u00f1o.<\/p>\n<\/div>\n\n\t\t<style type=\"text\/css\">\n\t\t\t#gallery-2 {\n\t\t\t\tmargin: auto;\n\t\t\t}\n\t\t\t#gallery-2 .gallery-item {\n\t\t\t\tfloat: left;\n\t\t\t\tmargin-top: 10px;\n\t\t\t\ttext-align: center;\n\t\t\t\twidth: 50%;\n\t\t\t}\n\t\t\t#gallery-2 img {\n\t\t\t\tborder: 2px solid #cfcfcf;\n\t\t\t}\n\t\t\t#gallery-2 .gallery-caption {\n\t\t\t\tmargin-left: 0;\n\t\t\t}\n\t\t\t\/* see gallery_shortcode() in wp-includes\/media.php *\/\n\t\t<\/style>\n\t\t<div id='gallery-2' class='gallery galleryid-5612 gallery-columns-2 gallery-size-large'><dl class='gallery-item'>\n\t\t\t<dt class='gallery-icon portrait'>\n\t\t\t\t<a class=\"thumbnail\" href='https:\/\/www.thewedery.com\/es\/boda-maria-y-jose\/doble-ele-studio-fotografia-boda-villa-y-esther-post-180\/'><img loading=\"lazy\" decoding=\"async\" width=\"580\" height=\"870\" src=\"https:\/\/www.thewedery.com\/wp\/wp-content\/uploads\/2025\/11\/DOBLE-ELE-STUDIO-FOTOGRAFIA-BODA-VILLA-Y-ESTHER-POST-180-683x1024.jpg\" class=\"attachment-large size-large\" alt=\"\" srcset=\"https:\/\/www.thewedery.com\/wp\/wp-content\/uploads\/2025\/11\/DOBLE-ELE-STUDIO-FOTOGRAFIA-BODA-VILLA-Y-ESTHER-POST-180-683x1024.jpg 683w, https:\/\/www.thewedery.com\/wp\/wp-content\/uploads\/2025\/11\/DOBLE-ELE-STUDIO-FOTOGRAFIA-BODA-VILLA-Y-ESTHER-POST-180-200x300.jpg 200w, https:\/\/www.thewedery.com\/wp\/wp-content\/uploads\/2025\/11\/DOBLE-ELE-STUDIO-FOTOGRAFIA-BODA-VILLA-Y-ESTHER-POST-180-768x1152.jpg 768w, https:\/\/www.thewedery.com\/wp\/wp-content\/uploads\/2025\/11\/DOBLE-ELE-STUDIO-FOTOGRAFIA-BODA-VILLA-Y-ESTHER-POST-180-1024x1536.jpg 1024w, https:\/\/www.thewedery.com\/wp\/wp-content\/uploads\/2025\/11\/DOBLE-ELE-STUDIO-FOTOGRAFIA-BODA-VILLA-Y-ESTHER-POST-180.jpg 1200w\" sizes=\"(max-width: 580px) 100vw, 580px\" \/><\/a>\n\t\t\t<\/dt><\/dl><dl class='gallery-item'>\n\t\t\t<dt class='gallery-icon portrait'>\n\t\t\t\t<a class=\"thumbnail\" href='https:\/\/www.thewedery.com\/es\/boda-maria-y-jose\/doble-ele-studio-fotografia-boda-villa-y-esther-post-154\/'><img loading=\"lazy\" decoding=\"async\" width=\"580\" height=\"870\" src=\"https:\/\/www.thewedery.com\/wp\/wp-content\/uploads\/2025\/11\/DOBLE-ELE-STUDIO-FOTOGRAFIA-BODA-VILLA-Y-ESTHER-POST-154-683x1024.jpg\" class=\"attachment-large size-large\" alt=\"\" srcset=\"https:\/\/www.thewedery.com\/wp\/wp-content\/uploads\/2025\/11\/DOBLE-ELE-STUDIO-FOTOGRAFIA-BODA-VILLA-Y-ESTHER-POST-154-683x1024.jpg 683w, https:\/\/www.thewedery.com\/wp\/wp-content\/uploads\/2025\/11\/DOBLE-ELE-STUDIO-FOTOGRAFIA-BODA-VILLA-Y-ESTHER-POST-154-200x300.jpg 200w, https:\/\/www.thewedery.com\/wp\/wp-content\/uploads\/2025\/11\/DOBLE-ELE-STUDIO-FOTOGRAFIA-BODA-VILLA-Y-ESTHER-POST-154-768x1151.jpg 768w, https:\/\/www.thewedery.com\/wp\/wp-content\/uploads\/2025\/11\/DOBLE-ELE-STUDIO-FOTOGRAFIA-BODA-VILLA-Y-ESTHER-POST-154.jpg 1000w\" sizes=\"(max-width: 580px) 100vw, 580px\" \/><\/a>\n\t\t\t<\/dt><\/dl><br style=\"clear: both\" \/>\n\t\t<\/div>\n\n<div id=\"model-response-message-contentr_c44f85006e7e8934\" class=\"markdown markdown-main-panel stronger enable-updated-hr-color\" dir=\"ltr\" aria-live=\"polite\" aria-busy=\"false\">\n<p style=\"text-align: center;\" data-path-to-node=\"6\">Sin embargo, el verdadero golpe de efecto lleg\u00f3 durante el c\u00f3ctel. Dise\u00f1amos una estaci\u00f3n exclusiva de <b>Champagne y Martinis<\/b> que se convirti\u00f3 en el foco de atenci\u00f3n; un rinc\u00f3n de sofisticaci\u00f3n que, m\u00e1s all\u00e1 de la bebida, elev\u00f3 el tono de la celebraci\u00f3n y encant\u00f3 a todos los presentes.<\/p>\n<p style=\"text-align: center;\" data-path-to-node=\"7\">Si visualizas tu gran d\u00eda con este nivel de detalle, coherencia est\u00e9tica y una gesti\u00f3n integral que te permita disfrutar sin preocupaciones, en The Wedery sabemos c\u00f3mo hacerlo realidad. Contacta con nosotros y comencemos a dar forma a tu boda.<\/p>\n<p data-path-to-node=\"7\">\n<\/div>\n<p data-path-to-node=\"7\"><img loading=\"lazy\" decoding=\"async\" width=\"1024\" height=\"683\" class=\"size-large wp-image-5618 aligncenter\" src=\"https:\/\/www.thewedery.com\/wp\/wp-content\/uploads\/2025\/11\/DOBLE-ELE-STUDIO-FOTOGRAFIA-BODA-VILLA-Y-ESTHER-POST-200-1024x683.jpg\" alt=\"\" srcset=\"https:\/\/www.thewedery.com\/wp\/wp-content\/uploads\/2025\/11\/DOBLE-ELE-STUDIO-FOTOGRAFIA-BODA-VILLA-Y-ESTHER-POST-200-1024x683.jpg 1024w, https:\/\/www.thewedery.com\/wp\/wp-content\/uploads\/2025\/11\/DOBLE-ELE-STUDIO-FOTOGRAFIA-BODA-VILLA-Y-ESTHER-POST-200-300x200.jpg 300w, https:\/\/www.thewedery.com\/wp\/wp-content\/uploads\/2025\/11\/DOBLE-ELE-STUDIO-FOTOGRAFIA-BODA-VILLA-Y-ESTHER-POST-200-768x512.jpg 768w, https:\/\/www.thewedery.com\/wp\/wp-content\/uploads\/2025\/11\/DOBLE-ELE-STUDIO-FOTOGRAFIA-BODA-VILLA-Y-ESTHER-POST-200-1536x1025.jpg 1536w, https:\/\/www.thewedery.com\/wp\/wp-content\/uploads\/2025\/11\/DOBLE-ELE-STUDIO-FOTOGRAFIA-BODA-VILLA-Y-ESTHER-POST-200-968x646.jpg 968w, https:\/\/www.thewedery.com\/wp\/wp-content\/uploads\/2025\/11\/DOBLE-ELE-STUDIO-FOTOGRAFIA-BODA-VILLA-Y-ESTHER-POST-200.jpg 1799w\" sizes=\"(max-width: 1024px) 100vw, 1024px\" \/><\/p>\n","protected":false},"excerpt":{"rendered":"<p>La elegancia no necesita estridencias, y la celebraci\u00f3n de Mar\u00eda y Jos\u00e9 fue la prueba palpable de ello. Dise\u00f1amos una atm\u00f3sfera donde la pureza del color blanco y la transparencia del cristal jugaron el papel protagonista, creando un entorno \u00edntimo, et\u00e9reo y absolutamente sofisticado para sus 160 invitados. Romance en blanco: una celebraci\u00f3n de luz&#8230;  <a href=\"https:\/\/www.thewedery.com\/es\/boda-maria-y-jose\/\" class=\"more-link\" title=\"Read Mar\u00eda &#038; Jos\u00e9: un \u00abs\u00ed, quiero\u00bb de pura elegancia\">Read more &raquo;<\/a><\/p>\n","protected":false},"author":1,"featured_media":5619,"comment_status":"closed","ping_status":"closed","sticky":false,"template":"","format":"standard","meta":{"footnotes":""},"categories":[50],"tags":[],"class_list":["post-5612","post","type-post","status-publish","format-standard","has-post-thumbnail","hentry","category-vuestro-dia"],"yoast_head":"<!-- This site is optimized with the Yoast SEO plugin v24.6 - https:\/\/yoast.com\/wordpress\/plugins\/seo\/ -->\n<title>Mar\u00eda &amp; Jos\u00e9: un &quot;s\u00ed, quiero&quot; de pura elegancia - The Wedery<\/title>\n<meta name=\"robots\" content=\"index, follow, max-snippet:-1, max-image-preview:large, max-video-preview:-1\" \/>\n<link rel=\"canonical\" href=\"https:\/\/www.thewedery.com\/es\/boda-maria-y-jose\/\" \/>\n<meta property=\"og:locale\" content=\"es_ES\" \/>\n<meta property=\"og:type\" content=\"article\" \/>\n<meta property=\"og:title\" content=\"Mar\u00eda &amp; Jos\u00e9: un &quot;s\u00ed, quiero&quot; de pura elegancia - The Wedery\" \/>\n<meta property=\"og:description\" content=\"La elegancia no necesita estridencias, y la celebraci\u00f3n de Mar\u00eda y Jos\u00e9 fue la prueba palpable de ello. Dise\u00f1amos una atm\u00f3sfera donde la pureza del color blanco y la transparencia del cristal jugaron el papel protagonista, creando un entorno \u00edntimo, et\u00e9reo y absolutamente sofisticado para sus 160 invitados. Romance en blanco: una celebraci\u00f3n de luz... Read more &raquo;\" \/>\n<meta property=\"og:url\" content=\"https:\/\/www.thewedery.com\/es\/boda-maria-y-jose\/\" \/>\n<meta property=\"og:site_name\" content=\"The Wedery\" \/>\n<meta property=\"article:published_time\" content=\"2025-11-24T11:40:33+00:00\" \/>\n<meta property=\"og:image\" content=\"https:\/\/www.thewedery.com\/wp\/wp-content\/uploads\/2025\/11\/DOBLE-ELE-STUDIO-FOTOGRAFIA-BODA-VILLA-Y-ESTHER-POST-164-scaled.jpg\" \/>\n\t<meta property=\"og:image:width\" content=\"2560\" \/>\n\t<meta property=\"og:image:height\" content=\"1920\" \/>\n\t<meta property=\"og:image:type\" content=\"image\/jpeg\" \/>\n<meta name=\"author\" content=\"adora\" \/>\n<meta name=\"twitter:label1\" content=\"Escrito por\" \/>\n\t<meta name=\"twitter:data1\" content=\"adora\" \/>\n\t<meta name=\"twitter:label2\" content=\"Tiempo de lectura\" \/>\n\t<meta name=\"twitter:data2\" content=\"2 minutos\" \/>\n<script type=\"application\/ld+json\" class=\"yoast-schema-graph\">{\"@context\":\"https:\/\/schema.org\",\"@graph\":[{\"@type\":\"Article\",\"@id\":\"https:\/\/www.thewedery.com\/es\/boda-maria-y-jose\/#article\",\"isPartOf\":{\"@id\":\"https:\/\/www.thewedery.com\/es\/boda-maria-y-jose\/\"},\"author\":{\"name\":\"adora\",\"@id\":\"https:\/\/www.thewedery.com\/#\/schema\/person\/592d1d321053d0a76c2c9769c6fb642f\"},\"headline\":\"Mar\u00eda &#038; Jos\u00e9: un \u00abs\u00ed, quiero\u00bb de pura elegancia\",\"datePublished\":\"2025-11-24T11:40:33+00:00\",\"mainEntityOfPage\":{\"@id\":\"https:\/\/www.thewedery.com\/es\/boda-maria-y-jose\/\"},\"wordCount\":315,\"publisher\":{\"@id\":\"https:\/\/www.thewedery.com\/#organization\"},\"image\":{\"@id\":\"https:\/\/www.thewedery.com\/es\/boda-maria-y-jose\/#primaryimage\"},\"thumbnailUrl\":\"https:\/\/www.thewedery.com\/wp\/wp-content\/uploads\/2025\/11\/DOBLE-ELE-STUDIO-FOTOGRAFIA-BODA-VILLA-Y-ESTHER-POST-164-scaled.jpg\",\"articleSection\":[\"Vuestro d\u00eda\"],\"inLanguage\":\"es\"},{\"@type\":\"WebPage\",\"@id\":\"https:\/\/www.thewedery.com\/es\/boda-maria-y-jose\/\",\"url\":\"https:\/\/www.thewedery.com\/es\/boda-maria-y-jose\/\",\"name\":\"Mar\u00eda & Jos\u00e9: un \\\"s\u00ed, quiero\\\" de pura elegancia - The Wedery\",\"isPartOf\":{\"@id\":\"https:\/\/www.thewedery.com\/#website\"},\"primaryImageOfPage\":{\"@id\":\"https:\/\/www.thewedery.com\/es\/boda-maria-y-jose\/#primaryimage\"},\"image\":{\"@id\":\"https:\/\/www.thewedery.com\/es\/boda-maria-y-jose\/#primaryimage\"},\"thumbnailUrl\":\"https:\/\/www.thewedery.com\/wp\/wp-content\/uploads\/2025\/11\/DOBLE-ELE-STUDIO-FOTOGRAFIA-BODA-VILLA-Y-ESTHER-POST-164-scaled.jpg\",\"datePublished\":\"2025-11-24T11:40:33+00:00\",\"breadcrumb\":{\"@id\":\"https:\/\/www.thewedery.com\/es\/boda-maria-y-jose\/#breadcrumb\"},\"inLanguage\":\"es\",\"potentialAction\":[{\"@type\":\"ReadAction\",\"target\":[\"https:\/\/www.thewedery.com\/es\/boda-maria-y-jose\/\"]}]},{\"@type\":\"ImageObject\",\"inLanguage\":\"es\",\"@id\":\"https:\/\/www.thewedery.com\/es\/boda-maria-y-jose\/#primaryimage\",\"url\":\"https:\/\/www.thewedery.com\/wp\/wp-content\/uploads\/2025\/11\/DOBLE-ELE-STUDIO-FOTOGRAFIA-BODA-VILLA-Y-ESTHER-POST-164-scaled.jpg\",\"contentUrl\":\"https:\/\/www.thewedery.com\/wp\/wp-content\/uploads\/2025\/11\/DOBLE-ELE-STUDIO-FOTOGRAFIA-BODA-VILLA-Y-ESTHER-POST-164-scaled.jpg\",\"width\":2560,\"height\":1920},{\"@type\":\"BreadcrumbList\",\"@id\":\"https:\/\/www.thewedery.com\/es\/boda-maria-y-jose\/#breadcrumb\",\"itemListElement\":[{\"@type\":\"ListItem\",\"position\":1,\"name\":\"Home\",\"item\":\"https:\/\/www.thewedery.com\/es\/\"},{\"@type\":\"ListItem\",\"position\":2,\"name\":\"Mar\u00eda &#038; Jos\u00e9: un &#8220;s\u00ed, quiero&#8221; de pura elegancia\"}]},{\"@type\":\"WebSite\",\"@id\":\"https:\/\/www.thewedery.com\/#website\",\"url\":\"https:\/\/www.thewedery.com\/\",\"name\":\"The Wedery\",\"description\":\"Eventos sociales y corporativos en Alicante\",\"publisher\":{\"@id\":\"https:\/\/www.thewedery.com\/#organization\"},\"potentialAction\":[{\"@type\":\"SearchAction\",\"target\":{\"@type\":\"EntryPoint\",\"urlTemplate\":\"https:\/\/www.thewedery.com\/?s={search_term_string}\"},\"query-input\":{\"@type\":\"PropertyValueSpecification\",\"valueRequired\":true,\"valueName\":\"search_term_string\"}}],\"inLanguage\":\"es\"},{\"@type\":\"Organization\",\"@id\":\"https:\/\/www.thewedery.com\/#organization\",\"name\":\"The Wedery\",\"url\":\"https:\/\/www.thewedery.com\/\",\"logo\":{\"@type\":\"ImageObject\",\"inLanguage\":\"es\",\"@id\":\"https:\/\/www.thewedery.com\/#\/schema\/logo\/image\/\",\"url\":\"https:\/\/www.thewedery.com\/wp\/wp-content\/uploads\/2022\/03\/logo-admin.svg\",\"contentUrl\":\"https:\/\/www.thewedery.com\/wp\/wp-content\/uploads\/2022\/03\/logo-admin.svg\",\"caption\":\"The Wedery\"},\"image\":{\"@id\":\"https:\/\/www.thewedery.com\/#\/schema\/logo\/image\/\"}},{\"@type\":\"Person\",\"@id\":\"https:\/\/www.thewedery.com\/#\/schema\/person\/592d1d321053d0a76c2c9769c6fb642f\",\"name\":\"adora\"}]}<\/script>\n<!-- \/ Yoast SEO plugin. -->","yoast_head_json":{"title":"Mar\u00eda & Jos\u00e9: un \"s\u00ed, quiero\" de pura elegancia - The Wedery","robots":{"index":"index","follow":"follow","max-snippet":"max-snippet:-1","max-image-preview":"max-image-preview:large","max-video-preview":"max-video-preview:-1"},"canonical":"https:\/\/www.thewedery.com\/es\/boda-maria-y-jose\/","og_locale":"es_ES","og_type":"article","og_title":"Mar\u00eda & Jos\u00e9: un \"s\u00ed, quiero\" de pura elegancia - The Wedery","og_description":"La elegancia no necesita estridencias, y la celebraci\u00f3n de Mar\u00eda y Jos\u00e9 fue la prueba palpable de ello. Dise\u00f1amos una atm\u00f3sfera donde la pureza del color blanco y la transparencia del cristal jugaron el papel protagonista, creando un entorno \u00edntimo, et\u00e9reo y absolutamente sofisticado para sus 160 invitados. Romance en blanco: una celebraci\u00f3n de luz... Read more &raquo;","og_url":"https:\/\/www.thewedery.com\/es\/boda-maria-y-jose\/","og_site_name":"The Wedery","article_published_time":"2025-11-24T11:40:33+00:00","og_image":[{"width":2560,"height":1920,"url":"https:\/\/www.thewedery.com\/wp\/wp-content\/uploads\/2025\/11\/DOBLE-ELE-STUDIO-FOTOGRAFIA-BODA-VILLA-Y-ESTHER-POST-164-scaled.jpg","type":"image\/jpeg"}],"author":"adora","twitter_misc":{"Escrito por":"adora","Tiempo de lectura":"2 minutos"},"schema":{"@context":"https:\/\/schema.org","@graph":[{"@type":"Article","@id":"https:\/\/www.thewedery.com\/es\/boda-maria-y-jose\/#article","isPartOf":{"@id":"https:\/\/www.thewedery.com\/es\/boda-maria-y-jose\/"},"author":{"name":"adora","@id":"https:\/\/www.thewedery.com\/#\/schema\/person\/592d1d321053d0a76c2c9769c6fb642f"},"headline":"Mar\u00eda &#038; Jos\u00e9: un \u00abs\u00ed, quiero\u00bb de pura elegancia","datePublished":"2025-11-24T11:40:33+00:00","mainEntityOfPage":{"@id":"https:\/\/www.thewedery.com\/es\/boda-maria-y-jose\/"},"wordCount":315,"publisher":{"@id":"https:\/\/www.thewedery.com\/#organization"},"image":{"@id":"https:\/\/www.thewedery.com\/es\/boda-maria-y-jose\/#primaryimage"},"thumbnailUrl":"https:\/\/www.thewedery.com\/wp\/wp-content\/uploads\/2025\/11\/DOBLE-ELE-STUDIO-FOTOGRAFIA-BODA-VILLA-Y-ESTHER-POST-164-scaled.jpg","articleSection":["Vuestro d\u00eda"],"inLanguage":"es"},{"@type":"WebPage","@id":"https:\/\/www.thewedery.com\/es\/boda-maria-y-jose\/","url":"https:\/\/www.thewedery.com\/es\/boda-maria-y-jose\/","name":"Mar\u00eda & Jos\u00e9: un \"s\u00ed, quiero\" de pura elegancia - The Wedery","isPartOf":{"@id":"https:\/\/www.thewedery.com\/#website"},"primaryImageOfPage":{"@id":"https:\/\/www.thewedery.com\/es\/boda-maria-y-jose\/#primaryimage"},"image":{"@id":"https:\/\/www.thewedery.com\/es\/boda-maria-y-jose\/#primaryimage"},"thumbnailUrl":"https:\/\/www.thewedery.com\/wp\/wp-content\/uploads\/2025\/11\/DOBLE-ELE-STUDIO-FOTOGRAFIA-BODA-VILLA-Y-ESTHER-POST-164-scaled.jpg","datePublished":"2025-11-24T11:40:33+00:00","breadcrumb":{"@id":"https:\/\/www.thewedery.com\/es\/boda-maria-y-jose\/#breadcrumb"},"inLanguage":"es","potentialAction":[{"@type":"ReadAction","target":["https:\/\/www.thewedery.com\/es\/boda-maria-y-jose\/"]}]},{"@type":"ImageObject","inLanguage":"es","@id":"https:\/\/www.thewedery.com\/es\/boda-maria-y-jose\/#primaryimage","url":"https:\/\/www.thewedery.com\/wp\/wp-content\/uploads\/2025\/11\/DOBLE-ELE-STUDIO-FOTOGRAFIA-BODA-VILLA-Y-ESTHER-POST-164-scaled.jpg","contentUrl":"https:\/\/www.thewedery.com\/wp\/wp-content\/uploads\/2025\/11\/DOBLE-ELE-STUDIO-FOTOGRAFIA-BODA-VILLA-Y-ESTHER-POST-164-scaled.jpg","width":2560,"height":1920},{"@type":"BreadcrumbList","@id":"https:\/\/www.thewedery.com\/es\/boda-maria-y-jose\/#breadcrumb","itemListElement":[{"@type":"ListItem","position":1,"name":"Home","item":"https:\/\/www.thewedery.com\/es\/"},{"@type":"ListItem","position":2,"name":"Mar\u00eda &#038; Jos\u00e9: un &#8220;s\u00ed, quiero&#8221; de pura elegancia"}]},{"@type":"WebSite","@id":"https:\/\/www.thewedery.com\/#website","url":"https:\/\/www.thewedery.com\/","name":"The Wedery","description":"Eventos sociales y corporativos en Alicante","publisher":{"@id":"https:\/\/www.thewedery.com\/#organization"},"potentialAction":[{"@type":"SearchAction","target":{"@type":"EntryPoint","urlTemplate":"https:\/\/www.thewedery.com\/?s={search_term_string}"},"query-input":{"@type":"PropertyValueSpecification","valueRequired":true,"valueName":"search_term_string"}}],"inLanguage":"es"},{"@type":"Organization","@id":"https:\/\/www.thewedery.com\/#organization","name":"The Wedery","url":"https:\/\/www.thewedery.com\/","logo":{"@type":"ImageObject","inLanguage":"es","@id":"https:\/\/www.thewedery.com\/#\/schema\/logo\/image\/","url":"https:\/\/www.thewedery.com\/wp\/wp-content\/uploads\/2022\/03\/logo-admin.svg","contentUrl":"https:\/\/www.thewedery.com\/wp\/wp-content\/uploads\/2022\/03\/logo-admin.svg","caption":"The Wedery"},"image":{"@id":"https:\/\/www.thewedery.com\/#\/schema\/logo\/image\/"}},{"@type":"Person","@id":"https:\/\/www.thewedery.com\/#\/schema\/person\/592d1d321053d0a76c2c9769c6fb642f","name":"adora"}]}},"_links":{"self":[{"href":"https:\/\/www.thewedery.com\/es\/wp-json\/wp\/v2\/posts\/5612"}],"collection":[{"href":"https:\/\/www.thewedery.com\/es\/wp-json\/wp\/v2\/posts"}],"about":[{"href":"https:\/\/www.thewedery.com\/es\/wp-json\/wp\/v2\/types\/post"}],"author":[{"embeddable":true,"href":"https:\/\/www.thewedery.com\/es\/wp-json\/wp\/v2\/users\/1"}],"replies":[{"embeddable":true,"href":"https:\/\/www.thewedery.com\/es\/wp-json\/wp\/v2\/comments?post=5612"}],"version-history":[{"count":4,"href":"https:\/\/www.thewedery.com\/es\/wp-json\/wp\/v2\/posts\/5612\/revisions"}],"predecessor-version":[{"id":5624,"href":"https:\/\/www.thewedery.com\/es\/wp-json\/wp\/v2\/posts\/5612\/revisions\/5624"}],"wp:featuredmedia":[{"embeddable":true,"href":"https:\/\/www.thewedery.com\/es\/wp-json\/wp\/v2\/media\/5619"}],"wp:attachment":[{"href":"https:\/\/www.thewedery.com\/es\/wp-json\/wp\/v2\/media?parent=5612"}],"wp:term":[{"taxonomy":"category","embeddable":true,"href":"https:\/\/www.thewedery.com\/es\/wp-json\/wp\/v2\/categories?post=5612"},{"taxonomy":"post_tag","embeddable":true,"href":"https:\/\/www.thewedery.com\/es\/wp-json\/wp\/v2\/tags?post=5612"}],"curies":[{"name":"wp","href":"https:\/\/api.w.org\/{rel}","templated":true}]}}