{"id":5609,"date":"2025-11-18T13:23:52","date_gmt":"2025-11-18T12:23:52","guid":{"rendered":"https:\/\/www.thewedery.com\/es\/?p=5609"},"modified":"2025-11-18T13:23:52","modified_gmt":"2025-11-18T12:23:52","slug":"como-elegir-el-catering-perfecto-para-tu-evento-social","status":"publish","type":"post","link":"https:\/\/www.thewedery.com\/es\/como-elegir-el-catering-perfecto-para-tu-evento-social\/","title":{"rendered":"C\u00f3mo elegir el catering perfecto para tu evento social"},"content":{"rendered":"<h2><b>1. Define el tipo de evento y el estilo que quieres transmitir<\/b><\/h2>\n<p class=\"lead\"><span style=\"font-weight: 400;\">Antes de contactar con empresas de catering, es importante tener claro<\/span><b> qu\u00e9 tipo de celebraci\u00f3n vas a organizar<\/b><span style=\"font-weight: 400;\">. \u00bfUn c\u00f3ctel elegante al atardecer? \u00bfUna cena formal bajo una carpa? \u00bfUn almuerzo distendido al aire libre?<\/span><\/p>\n<p><b>Cada formato requiere un enfoque distinto<\/b><span style=\"font-weight: 400;\">, no solo en la comida, sino tambi\u00e9n en la organizaci\u00f3n y la puesta en escena.<\/span><\/p>\n<ul>\n<li style=\"font-weight: 400;\" aria-level=\"1\"><b>Eventos formales: <\/b><span style=\"font-weight: 400;\">demandan men\u00fas servidos en mesa, vajilla cuidada y una secuencia estructurada.<\/span><\/li>\n<li style=\"font-weight: 400;\" aria-level=\"1\"><b>Celebraciones informales:<\/b><span style=\"font-weight: 400;\"> suelen funcionar mejor con <\/span><a href=\"https:\/\/www.thewedery.com\/es\/mesas-gourmet\/\"><span style=\"font-weight: 400;\">estaciones de comida<\/span><\/a><span style=\"font-weight: 400;\"> o buffets, que favorecen la interacci\u00f3n entre los invitados.<\/span><\/li>\n<li style=\"font-weight: 400;\" aria-level=\"1\"><b>Eventos de larga duraci\u00f3n:<\/b><span style=\"font-weight: 400;\"> como aniversarios o comuniones, pueden combinar ambas f\u00f3rmulas: un c\u00f3ctel inicial y una cena m\u00e1s relajada.<\/span><\/li>\n<\/ul>\n<p><b>Definir el estilo del evento<\/b><span style=\"font-weight: 400;\"> te ayudar\u00e1 a encontrar un catering que entienda tus necesidades y pueda adaptarse a ellas con coherencia.<\/span><\/p>\n<img fetchpriority=\"high\" decoding=\"async\" width=\"1024\" height=\"576\" class=\"size-large wp-image-5489 aligncenter\" src=\"https:\/\/www.thewedery.com\/wp\/wp-content\/uploads\/2025\/09\/58-1024x576.webp\" alt=\"\" srcset=\"https:\/\/www.thewedery.com\/wp\/wp-content\/uploads\/2025\/09\/58-1024x576.webp 1024w, https:\/\/www.thewedery.com\/wp\/wp-content\/uploads\/2025\/09\/58-300x169.webp 300w, https:\/\/www.thewedery.com\/wp\/wp-content\/uploads\/2025\/09\/58-768x432.webp 768w, https:\/\/www.thewedery.com\/wp\/wp-content\/uploads\/2025\/09\/58-1536x864.webp 1536w, https:\/\/www.thewedery.com\/wp\/wp-content\/uploads\/2025\/09\/58.webp 1920w\" sizes=\"(max-width: 1024px) 100vw, 1024px\" \/>\n<p>&nbsp;<\/p>\n<h2><b>2. Revisa la propuesta gastron\u00f3mica y su coherencia<\/b><\/h2>\n<p><span style=\"font-weight: 400;\">No se trata solo de que la comida est\u00e9 buena, sino de que el <\/span><b>men\u00fa encaje con el ambiente que quieres crear. <\/b><span style=\"font-weight: 400;\">Un catering profesional debe <\/span><b>ofrecerte distintas opciones<\/b><span style=\"font-weight: 400;\">, adaptadas a los gustos, la estaci\u00f3n del a\u00f1o y posibles necesidades especiales (men\u00fas vegetarianos, sin gluten o infantiles, por ejemplo). Para ello, puedes valorar:<\/span><\/p>\n<ul>\n<li style=\"font-weight: 400;\" aria-level=\"1\"><b>La calidad de los ingredientes:<\/b><span style=\"font-weight: 400;\"> opta por proveedores que trabajen con productos frescos y de temporada.<\/span><\/li>\n<li style=\"font-weight: 400;\" aria-level=\"1\"><b>La creatividad:<\/b><span style=\"font-weight: 400;\"> busca men\u00fas que sorprendan sin perder el equilibrio. Un toque original en la presentaci\u00f3n o una combinaci\u00f3n inesperada puede marcar la diferencia.<\/span><\/li>\n<li style=\"font-weight: 400;\" aria-level=\"1\"><b>La coherencia:<\/b><span style=\"font-weight: 400;\"> el men\u00fa debe estar alineado con el entorno y la tem\u00e1tica. Por ejemplo, en una finca mediterr\u00e1nea, un men\u00fa con productos locales como pescados frescos, arroces o aceite de oliva ser\u00e1 mucho m\u00e1s arm\u00f3nico.<\/span><\/li>\n<\/ul>\n<p><span style=\"font-weight: 400;\">Si es posible, pide una <\/span><b>degustaci\u00f3n previa. <\/b><span style=\"font-weight: 400;\">No solo te permitir\u00e1 probar los platos, sino tambi\u00e9n <\/span><b>observar la presentaci\u00f3n, el ritmo de servicio y la atenci\u00f3n al detalle.<\/b><\/p>\n<img decoding=\"async\" width=\"1024\" height=\"576\" class=\"size-large wp-image-5483 aligncenter\" src=\"https:\/\/www.thewedery.com\/wp\/wp-content\/uploads\/2025\/09\/40-1024x576.webp\" alt=\"\" srcset=\"https:\/\/www.thewedery.com\/wp\/wp-content\/uploads\/2025\/09\/40-1024x576.webp 1024w, https:\/\/www.thewedery.com\/wp\/wp-content\/uploads\/2025\/09\/40-300x169.webp 300w, https:\/\/www.thewedery.com\/wp\/wp-content\/uploads\/2025\/09\/40-768x432.webp 768w, https:\/\/www.thewedery.com\/wp\/wp-content\/uploads\/2025\/09\/40-1536x864.webp 1536w, https:\/\/www.thewedery.com\/wp\/wp-content\/uploads\/2025\/09\/40.webp 1920w\" sizes=\"(max-width: 1024px) 100vw, 1024px\" \/>\n<p>&nbsp;<\/p>\n<h2><b>3. El servicio: el gran factor diferenciador<\/b><\/h2>\n<p><span style=\"font-weight: 400;\">Un catering no es solo cocina. Es un <\/span><b>equipo humano que atiende, sirve y cuida cada detalle<\/b><span style=\"font-weight: 400;\">. El trato de los camareros, la coordinaci\u00f3n del ma\u00eetre y la capacidad del personal para anticiparse a las necesidades de los invitados marcan una enorme diferencia.<\/span><\/p>\n<p><span style=\"font-weight: 400;\">Aseg\u00farate de que la empresa con la que trabajes cuente con un <\/span><b>equipo experimentado en eventos sociales<\/b><span style=\"font-weight: 400;\">. No es lo mismo servir en un restaurante que en una boda o una celebraci\u00f3n al aire libre, donde las condiciones pueden variar.<\/span><\/p>\n<p><span style=\"font-weight: 400;\">Adem\u00e1s, un buen catering debe ofrecer <\/span><b>asesoramiento log\u00edstico<\/b><span style=\"font-weight: 400;\">: desde el montaje del mobiliario y la disposici\u00f3n de las mesas hasta la coordinaci\u00f3n con los dem\u00e1s proveedores. Cuantos m\u00e1s servicios puedan integrar, <\/span><b>m\u00e1s fluida ser\u00e1 la organizaci\u00f3n.<\/b><\/p>\n<p>&nbsp;<\/p>\n<h2><b>4. La importancia del presupuesto y la transparencia<\/b><\/h2>\n<p><span style=\"font-weight: 400;\">El catering suele representar uno de los elementos m\u00e1s significativos del presupuesto total del evento, por lo que es importante tener claras las condiciones desde el principio.<\/span><\/p>\n<p><span style=\"font-weight: 400;\">Solicita un <\/span><b>presupuesto detallado<\/b><span style=\"font-weight: 400;\">, donde se especifique el n\u00famero de invitados, men\u00fas elegidos, personal, transporte, montaje y cualquier servicio adicional. <\/span><b>Desconf\u00eda de precios demasiado bajos<\/b><span style=\"font-weight: 400;\">: la calidad de la materia prima y del personal profesional tiene un valor que se refleja directamente en la experiencia final. Un buen proveedor de catering no busca venderte lo m\u00e1s caro, sino lo <\/span><b>m\u00e1s adecuado a tu tipo de evento y tus expectativas.<\/b><\/p>\n<p>&nbsp;<\/p>\n<h2><b>5. Un punto especial: el catering en bodas<\/b><\/h2>\n<p><span style=\"font-weight: 400;\">El men\u00fa de una boda es mucho m\u00e1s que una comida. Es el <\/span><b>reflejo de la historia y personalidad de los novios,<\/b><span style=\"font-weight: 400;\"> y uno de los momentos m\u00e1s recordados por los invitados. Al elegir el catering para una boda, ten en cuenta algunos detalles adicionales:<\/span><\/p>\n<ul>\n<li style=\"font-weight: 400;\" aria-level=\"1\"><b>Personalizaci\u00f3n:<\/b><span style=\"font-weight: 400;\"> el men\u00fa debe adaptarse a los gustos de la pareja y a su cultura gastron\u00f3mica.<\/span><\/li>\n<li style=\"font-weight: 400;\" aria-level=\"1\"><b>Timing perfecto:<\/b><span style=\"font-weight: 400;\"> la coordinaci\u00f3n entre cocina, servicio y <\/span><a href=\"https:\/\/www.thewedery.com\/es\/services\/protocolo\/\"><span style=\"font-weight: 400;\">protocolo<\/span><\/a><span style=\"font-weight: 400;\"> es esencial para que todo fluya con naturalidad.<\/span><\/li>\n<li style=\"font-weight: 400;\" aria-level=\"1\"><b>Ambientaci\u00f3n:<\/b><span style=\"font-weight: 400;\"> la presentaci\u00f3n del men\u00fa, la vajilla, la iluminaci\u00f3n y la disposici\u00f3n de las mesas contribuyen al conjunto de la experiencia.<\/span><\/li>\n<\/ul>\n<p><span style=\"font-weight: 400;\">Cada detalle cuenta. Desde el aperitivo de bienvenida hasta el \u00faltimo bocado de la recena.<\/span><\/p>\n<img decoding=\"async\" width=\"1024\" height=\"576\" class=\"size-large wp-image-5468 aligncenter\" src=\"https:\/\/www.thewedery.com\/wp\/wp-content\/uploads\/2025\/09\/21-1024x576.webp\" alt=\"\" srcset=\"https:\/\/www.thewedery.com\/wp\/wp-content\/uploads\/2025\/09\/21-1024x576.webp 1024w, https:\/\/www.thewedery.com\/wp\/wp-content\/uploads\/2025\/09\/21-300x169.webp 300w, https:\/\/www.thewedery.com\/wp\/wp-content\/uploads\/2025\/09\/21-768x432.webp 768w, https:\/\/www.thewedery.com\/wp\/wp-content\/uploads\/2025\/09\/21-1536x864.webp 1536w, https:\/\/www.thewedery.com\/wp\/wp-content\/uploads\/2025\/09\/21.webp 1920w\" sizes=\"(max-width: 1024px) 100vw, 1024px\" \/>\n<p>&nbsp;<\/p>\n<h2><b>The Wedery: gastronom\u00eda con sabor y experiencia<\/b><\/h2>\n<p><span style=\"font-weight: 400;\">En The Wedery creemos que el \u00e9xito de un evento social empieza en la mesa. Por eso trabajamos con <\/span><b>chefs de reconocido prestigio <\/b><span style=\"font-weight: 400;\">como son Miguel Rivas y Ana Mar\u00eda Santoyo, y un<\/span><b> equipo de ma\u00eetres y camareros altamente cualificados.<\/b><\/p>\n<p><span style=\"font-weight: 400;\">Nuestro <\/span><b>catering propio<\/b><span style=\"font-weight: 400;\"> nos permite cuidar cada detalle con coherencia: desde el dise\u00f1o del men\u00fa hasta la puesta en escena. Elaboramos <\/span><b>propuestas gastron\u00f3micas personalizadas, inspiradas en la cocina mediterr\u00e1nea<\/b><span style=\"font-weight: 400;\">, pero con un <\/span><b>enfoque moderno y creativo.<\/b><\/p>\n<p><span style=\"font-weight: 400;\">Adem\u00e1s, ofrecemos un <\/span><b>servicio integral:<\/b><span style=\"font-weight: 400;\"> no solo dise\u00f1amos la parte gastron\u00f3mica, sino tambi\u00e9n la ambientaci\u00f3n, la log\u00edstica y la coordinaci\u00f3n de todo el evento. Ya sea una boda \u00edntima, un aniversario o una gran celebraci\u00f3n familiar, creamos experiencias \u00fanicas donde cada sabor cuenta una historia.<\/span><\/p>\n","protected":false},"excerpt":{"rendered":"<p>El catering es uno de los aspectos m\u00e1s decisivos en la organizaci\u00f3n de cualquier evento social. Puede convertir una reuni\u00f3n en una experiencia inolvidable o, si no se elige bien, dejar una impresi\u00f3n poco memorable. Ya sea una boda, un aniversario o una celebraci\u00f3n familiar, la comida y el servicio son el coraz\u00f3n de todo encuentro.<\/p>\n<p>Seleccionar el catering adecuado no se trata solo de elegir un men\u00fa. Es encontrar el equilibrio entre estilo, calidad, organizaci\u00f3n y, sobre todo, la capacidad del equipo para reflejar la esencia de tu evento.<\/p>\n","protected":false},"author":1,"featured_media":5593,"comment_status":"closed","ping_status":"closed","sticky":false,"template":"","format":"standard","meta":{"footnotes":""},"categories":[6],"tags":[],"class_list":["post-5609","post","type-post","status-publish","format-standard","has-post-thumbnail","hentry","category-catering"],"yoast_head":"<!-- This site is optimized with the Yoast SEO plugin v24.6 - https:\/\/yoast.com\/wordpress\/plugins\/seo\/ -->\n<title>C\u00f3mo elegir el catering perfecto para tu evento social | The Wedery<\/title>\n<meta name=\"description\" content=\"Aprende c\u00f3mo elegir el catering perfecto para tu evento con nuestros consejos: men\u00fa personalizado y un servicio para que tus invitados disfruten al m\u00e1ximo.\" \/>\n<meta name=\"robots\" content=\"index, follow, max-snippet:-1, max-image-preview:large, max-video-preview:-1\" \/>\n<link rel=\"canonical\" href=\"https:\/\/www.thewedery.com\/es\/como-elegir-el-catering-perfecto-para-tu-evento-social\/\" \/>\n<meta property=\"og:locale\" content=\"es_ES\" \/>\n<meta property=\"og:type\" content=\"article\" \/>\n<meta property=\"og:title\" content=\"C\u00f3mo elegir el catering perfecto para tu evento social | The Wedery\" \/>\n<meta property=\"og:description\" content=\"Aprende c\u00f3mo elegir el catering perfecto para tu evento con nuestros consejos: men\u00fa personalizado y un servicio para que tus invitados disfruten al m\u00e1ximo.\" \/>\n<meta property=\"og:url\" content=\"https:\/\/www.thewedery.com\/es\/como-elegir-el-catering-perfecto-para-tu-evento-social\/\" \/>\n<meta property=\"og:site_name\" content=\"The Wedery\" \/>\n<meta property=\"article:published_time\" content=\"2025-11-18T12:23:52+00:00\" \/>\n<meta property=\"og:image\" content=\"https:\/\/www.thewedery.com\/wp\/wp-content\/uploads\/2025\/11\/1_45.jpg\" \/>\n\t<meta property=\"og:image:width\" content=\"1500\" \/>\n\t<meta property=\"og:image:height\" content=\"1000\" \/>\n\t<meta property=\"og:image:type\" content=\"image\/jpeg\" \/>\n<meta name=\"author\" content=\"adora\" \/>\n<meta name=\"twitter:label1\" content=\"Escrito por\" \/>\n\t<meta name=\"twitter:data1\" content=\"adora\" \/>\n\t<meta name=\"twitter:label2\" content=\"Tiempo de lectura\" \/>\n\t<meta name=\"twitter:data2\" content=\"5 minutos\" \/>\n<script type=\"application\/ld+json\" class=\"yoast-schema-graph\">{\"@context\":\"https:\/\/schema.org\",\"@graph\":[{\"@type\":\"Article\",\"@id\":\"https:\/\/www.thewedery.com\/es\/como-elegir-el-catering-perfecto-para-tu-evento-social\/#article\",\"isPartOf\":{\"@id\":\"https:\/\/www.thewedery.com\/es\/como-elegir-el-catering-perfecto-para-tu-evento-social\/\"},\"author\":{\"name\":\"adora\",\"@id\":\"https:\/\/www.thewedery.com\/#\/schema\/person\/592d1d321053d0a76c2c9769c6fb642f\"},\"headline\":\"C\u00f3mo elegir el catering perfecto para tu evento social\",\"datePublished\":\"2025-11-18T12:23:52+00:00\",\"mainEntityOfPage\":{\"@id\":\"https:\/\/www.thewedery.com\/es\/como-elegir-el-catering-perfecto-para-tu-evento-social\/\"},\"wordCount\":862,\"publisher\":{\"@id\":\"https:\/\/www.thewedery.com\/#organization\"},\"image\":{\"@id\":\"https:\/\/www.thewedery.com\/es\/como-elegir-el-catering-perfecto-para-tu-evento-social\/#primaryimage\"},\"thumbnailUrl\":\"https:\/\/www.thewedery.com\/wp\/wp-content\/uploads\/2025\/11\/1_45.jpg\",\"articleSection\":[\"Catering\"],\"inLanguage\":\"es\"},{\"@type\":\"WebPage\",\"@id\":\"https:\/\/www.thewedery.com\/es\/como-elegir-el-catering-perfecto-para-tu-evento-social\/\",\"url\":\"https:\/\/www.thewedery.com\/es\/como-elegir-el-catering-perfecto-para-tu-evento-social\/\",\"name\":\"C\u00f3mo elegir el catering perfecto para tu evento social | The Wedery\",\"isPartOf\":{\"@id\":\"https:\/\/www.thewedery.com\/#website\"},\"primaryImageOfPage\":{\"@id\":\"https:\/\/www.thewedery.com\/es\/como-elegir-el-catering-perfecto-para-tu-evento-social\/#primaryimage\"},\"image\":{\"@id\":\"https:\/\/www.thewedery.com\/es\/como-elegir-el-catering-perfecto-para-tu-evento-social\/#primaryimage\"},\"thumbnailUrl\":\"https:\/\/www.thewedery.com\/wp\/wp-content\/uploads\/2025\/11\/1_45.jpg\",\"datePublished\":\"2025-11-18T12:23:52+00:00\",\"description\":\"Aprende c\u00f3mo elegir el catering perfecto para tu evento con nuestros consejos: men\u00fa personalizado y un servicio para que tus invitados disfruten al m\u00e1ximo.\",\"breadcrumb\":{\"@id\":\"https:\/\/www.thewedery.com\/es\/como-elegir-el-catering-perfecto-para-tu-evento-social\/#breadcrumb\"},\"inLanguage\":\"es\",\"potentialAction\":[{\"@type\":\"ReadAction\",\"target\":[\"https:\/\/www.thewedery.com\/es\/como-elegir-el-catering-perfecto-para-tu-evento-social\/\"]}]},{\"@type\":\"ImageObject\",\"inLanguage\":\"es\",\"@id\":\"https:\/\/www.thewedery.com\/es\/como-elegir-el-catering-perfecto-para-tu-evento-social\/#primaryimage\",\"url\":\"https:\/\/www.thewedery.com\/wp\/wp-content\/uploads\/2025\/11\/1_45.jpg\",\"contentUrl\":\"https:\/\/www.thewedery.com\/wp\/wp-content\/uploads\/2025\/11\/1_45.jpg\",\"width\":1500,\"height\":1000},{\"@type\":\"BreadcrumbList\",\"@id\":\"https:\/\/www.thewedery.com\/es\/como-elegir-el-catering-perfecto-para-tu-evento-social\/#breadcrumb\",\"itemListElement\":[{\"@type\":\"ListItem\",\"position\":1,\"name\":\"Home\",\"item\":\"https:\/\/www.thewedery.com\/es\/\"},{\"@type\":\"ListItem\",\"position\":2,\"name\":\"C\u00f3mo elegir el catering perfecto para tu evento social\"}]},{\"@type\":\"WebSite\",\"@id\":\"https:\/\/www.thewedery.com\/#website\",\"url\":\"https:\/\/www.thewedery.com\/\",\"name\":\"The Wedery\",\"description\":\"Eventos sociales y corporativos en Alicante\",\"publisher\":{\"@id\":\"https:\/\/www.thewedery.com\/#organization\"},\"potentialAction\":[{\"@type\":\"SearchAction\",\"target\":{\"@type\":\"EntryPoint\",\"urlTemplate\":\"https:\/\/www.thewedery.com\/?s={search_term_string}\"},\"query-input\":{\"@type\":\"PropertyValueSpecification\",\"valueRequired\":true,\"valueName\":\"search_term_string\"}}],\"inLanguage\":\"es\"},{\"@type\":\"Organization\",\"@id\":\"https:\/\/www.thewedery.com\/#organization\",\"name\":\"The Wedery\",\"url\":\"https:\/\/www.thewedery.com\/\",\"logo\":{\"@type\":\"ImageObject\",\"inLanguage\":\"es\",\"@id\":\"https:\/\/www.thewedery.com\/#\/schema\/logo\/image\/\",\"url\":\"https:\/\/www.thewedery.com\/wp\/wp-content\/uploads\/2022\/03\/logo-admin.svg\",\"contentUrl\":\"https:\/\/www.thewedery.com\/wp\/wp-content\/uploads\/2022\/03\/logo-admin.svg\",\"caption\":\"The Wedery\"},\"image\":{\"@id\":\"https:\/\/www.thewedery.com\/#\/schema\/logo\/image\/\"}},{\"@type\":\"Person\",\"@id\":\"https:\/\/www.thewedery.com\/#\/schema\/person\/592d1d321053d0a76c2c9769c6fb642f\",\"name\":\"adora\"}]}<\/script>\n<!-- \/ Yoast SEO plugin. -->","yoast_head_json":{"title":"C\u00f3mo elegir el catering perfecto para tu evento social | The Wedery","description":"Aprende c\u00f3mo elegir el catering perfecto para tu evento con nuestros consejos: men\u00fa personalizado y un servicio para que tus invitados disfruten al m\u00e1ximo.","robots":{"index":"index","follow":"follow","max-snippet":"max-snippet:-1","max-image-preview":"max-image-preview:large","max-video-preview":"max-video-preview:-1"},"canonical":"https:\/\/www.thewedery.com\/es\/como-elegir-el-catering-perfecto-para-tu-evento-social\/","og_locale":"es_ES","og_type":"article","og_title":"C\u00f3mo elegir el catering perfecto para tu evento social | The Wedery","og_description":"Aprende c\u00f3mo elegir el catering perfecto para tu evento con nuestros consejos: men\u00fa personalizado y un servicio para que tus invitados disfruten al m\u00e1ximo.","og_url":"https:\/\/www.thewedery.com\/es\/como-elegir-el-catering-perfecto-para-tu-evento-social\/","og_site_name":"The Wedery","article_published_time":"2025-11-18T12:23:52+00:00","og_image":[{"width":1500,"height":1000,"url":"https:\/\/www.thewedery.com\/wp\/wp-content\/uploads\/2025\/11\/1_45.jpg","type":"image\/jpeg"}],"author":"adora","twitter_misc":{"Escrito por":"adora","Tiempo de lectura":"5 minutos"},"schema":{"@context":"https:\/\/schema.org","@graph":[{"@type":"Article","@id":"https:\/\/www.thewedery.com\/es\/como-elegir-el-catering-perfecto-para-tu-evento-social\/#article","isPartOf":{"@id":"https:\/\/www.thewedery.com\/es\/como-elegir-el-catering-perfecto-para-tu-evento-social\/"},"author":{"name":"adora","@id":"https:\/\/www.thewedery.com\/#\/schema\/person\/592d1d321053d0a76c2c9769c6fb642f"},"headline":"C\u00f3mo elegir el catering perfecto para tu evento social","datePublished":"2025-11-18T12:23:52+00:00","mainEntityOfPage":{"@id":"https:\/\/www.thewedery.com\/es\/como-elegir-el-catering-perfecto-para-tu-evento-social\/"},"wordCount":862,"publisher":{"@id":"https:\/\/www.thewedery.com\/#organization"},"image":{"@id":"https:\/\/www.thewedery.com\/es\/como-elegir-el-catering-perfecto-para-tu-evento-social\/#primaryimage"},"thumbnailUrl":"https:\/\/www.thewedery.com\/wp\/wp-content\/uploads\/2025\/11\/1_45.jpg","articleSection":["Catering"],"inLanguage":"es"},{"@type":"WebPage","@id":"https:\/\/www.thewedery.com\/es\/como-elegir-el-catering-perfecto-para-tu-evento-social\/","url":"https:\/\/www.thewedery.com\/es\/como-elegir-el-catering-perfecto-para-tu-evento-social\/","name":"C\u00f3mo elegir el catering perfecto para tu evento social | The Wedery","isPartOf":{"@id":"https:\/\/www.thewedery.com\/#website"},"primaryImageOfPage":{"@id":"https:\/\/www.thewedery.com\/es\/como-elegir-el-catering-perfecto-para-tu-evento-social\/#primaryimage"},"image":{"@id":"https:\/\/www.thewedery.com\/es\/como-elegir-el-catering-perfecto-para-tu-evento-social\/#primaryimage"},"thumbnailUrl":"https:\/\/www.thewedery.com\/wp\/wp-content\/uploads\/2025\/11\/1_45.jpg","datePublished":"2025-11-18T12:23:52+00:00","description":"Aprende c\u00f3mo elegir el catering perfecto para tu evento con nuestros consejos: men\u00fa personalizado y un servicio para que tus invitados disfruten al m\u00e1ximo.","breadcrumb":{"@id":"https:\/\/www.thewedery.com\/es\/como-elegir-el-catering-perfecto-para-tu-evento-social\/#breadcrumb"},"inLanguage":"es","potentialAction":[{"@type":"ReadAction","target":["https:\/\/www.thewedery.com\/es\/como-elegir-el-catering-perfecto-para-tu-evento-social\/"]}]},{"@type":"ImageObject","inLanguage":"es","@id":"https:\/\/www.thewedery.com\/es\/como-elegir-el-catering-perfecto-para-tu-evento-social\/#primaryimage","url":"https:\/\/www.thewedery.com\/wp\/wp-content\/uploads\/2025\/11\/1_45.jpg","contentUrl":"https:\/\/www.thewedery.com\/wp\/wp-content\/uploads\/2025\/11\/1_45.jpg","width":1500,"height":1000},{"@type":"BreadcrumbList","@id":"https:\/\/www.thewedery.com\/es\/como-elegir-el-catering-perfecto-para-tu-evento-social\/#breadcrumb","itemListElement":[{"@type":"ListItem","position":1,"name":"Home","item":"https:\/\/www.thewedery.com\/es\/"},{"@type":"ListItem","position":2,"name":"C\u00f3mo elegir el catering perfecto para tu evento social"}]},{"@type":"WebSite","@id":"https:\/\/www.thewedery.com\/#website","url":"https:\/\/www.thewedery.com\/","name":"The Wedery","description":"Eventos sociales y corporativos en Alicante","publisher":{"@id":"https:\/\/www.thewedery.com\/#organization"},"potentialAction":[{"@type":"SearchAction","target":{"@type":"EntryPoint","urlTemplate":"https:\/\/www.thewedery.com\/?s={search_term_string}"},"query-input":{"@type":"PropertyValueSpecification","valueRequired":true,"valueName":"search_term_string"}}],"inLanguage":"es"},{"@type":"Organization","@id":"https:\/\/www.thewedery.com\/#organization","name":"The Wedery","url":"https:\/\/www.thewedery.com\/","logo":{"@type":"ImageObject","inLanguage":"es","@id":"https:\/\/www.thewedery.com\/#\/schema\/logo\/image\/","url":"https:\/\/www.thewedery.com\/wp\/wp-content\/uploads\/2022\/03\/logo-admin.svg","contentUrl":"https:\/\/www.thewedery.com\/wp\/wp-content\/uploads\/2022\/03\/logo-admin.svg","caption":"The Wedery"},"image":{"@id":"https:\/\/www.thewedery.com\/#\/schema\/logo\/image\/"}},{"@type":"Person","@id":"https:\/\/www.thewedery.com\/#\/schema\/person\/592d1d321053d0a76c2c9769c6fb642f","name":"adora"}]}},"_links":{"self":[{"href":"https:\/\/www.thewedery.com\/es\/wp-json\/wp\/v2\/posts\/5609"}],"collection":[{"href":"https:\/\/www.thewedery.com\/es\/wp-json\/wp\/v2\/posts"}],"about":[{"href":"https:\/\/www.thewedery.com\/es\/wp-json\/wp\/v2\/types\/post"}],"author":[{"embeddable":true,"href":"https:\/\/www.thewedery.com\/es\/wp-json\/wp\/v2\/users\/1"}],"replies":[{"embeddable":true,"href":"https:\/\/www.thewedery.com\/es\/wp-json\/wp\/v2\/comments?post=5609"}],"version-history":[{"count":1,"href":"https:\/\/www.thewedery.com\/es\/wp-json\/wp\/v2\/posts\/5609\/revisions"}],"predecessor-version":[{"id":5611,"href":"https:\/\/www.thewedery.com\/es\/wp-json\/wp\/v2\/posts\/5609\/revisions\/5611"}],"wp:featuredmedia":[{"embeddable":true,"href":"https:\/\/www.thewedery.com\/es\/wp-json\/wp\/v2\/media\/5593"}],"wp:attachment":[{"href":"https:\/\/www.thewedery.com\/es\/wp-json\/wp\/v2\/media?parent=5609"}],"wp:term":[{"taxonomy":"category","embeddable":true,"href":"https:\/\/www.thewedery.com\/es\/wp-json\/wp\/v2\/categories?post=5609"},{"taxonomy":"post_tag","embeddable":true,"href":"https:\/\/www.thewedery.com\/es\/wp-json\/wp\/v2\/tags?post=5609"}],"curies":[{"name":"wp","href":"https:\/\/api.w.org\/{rel}","templated":true}]}}