{"id":5542,"date":"2025-10-14T08:24:23","date_gmt":"2025-10-14T07:24:23","guid":{"rendered":"https:\/\/www.thewedery.com\/es\/?p=5542"},"modified":"2025-10-14T08:24:23","modified_gmt":"2025-10-14T07:24:23","slug":"checklist-de-eventos-corporativos-que-no-puede-faltar","status":"publish","type":"post","link":"https:\/\/www.thewedery.com\/es\/checklist-de-eventos-corporativos-que-no-puede-faltar\/","title":{"rendered":"Checklist de eventos corporativos: \u00bfqu\u00e9 no puede faltar?"},"content":{"rendered":"<h2><b>Puntos de una checklist para eventos corporativos<\/b><\/h2>\n<h3><b>1. Define el objetivo y el tipo de evento<\/b><\/h3>\n<p class=\"lead\"><span style=\"font-weight: 400;\">Antes de pensar en el espacio o el men\u00fa, lo primero es <\/span><b>definir el prop\u00f3sito: <\/b><span style=\"font-weight: 400;\">\u00bfEl evento busca fortalecer v\u00ednculos entre empleados, presentar un nuevo producto o celebrar un hito empresarial? Cada objetivo determinar\u00e1 el tono, la duraci\u00f3n, el formato y hasta el tipo de invitados. Por ejemplo:<\/span><\/p>\n<ul>\n<li style=\"font-weight: 400;\" aria-level=\"1\"><b>Eventos de networking o conferencias: <\/b><span style=\"font-weight: 400;\">necesitan espacios amplios, buena ac\u00fastica y un plan de ponencias fluido.<\/span><\/li>\n<li style=\"font-weight: 400;\" aria-level=\"1\"><b>Aniversarios corporativos o cenas de gala: <\/b><span style=\"font-weight: 400;\">requieren una atm\u00f3sfera elegante y una propuesta gastron\u00f3mica cuidada.<\/span><\/li>\n<li style=\"font-weight: 400;\" aria-level=\"1\"><b>Lanzamientos de producto: <\/b><span style=\"font-weight: 400;\">deben poner el foco en la presentaci\u00f3n visual y el impacto de marca.<\/span><\/li>\n<\/ul>\n<p><span style=\"font-weight: 400;\">Cuanto m\u00e1s claro est\u00e9 el prop\u00f3sito, m\u00e1s sencillo ser\u00e1 tomar decisiones acertadas en las siguientes etapas de la checklist del evento corporativo.<\/span><\/p>\n<p>&nbsp;<\/p>\n<h3><b>2. Elige la localizaci\u00f3n y la fecha con antelaci\u00f3n<\/b><\/h3>\n<p><span style=\"font-weight: 400;\">La elecci\u00f3n del espacio es uno de los aspectos m\u00e1s importantes. No solo debe ajustarse al n\u00famero de invitados, sino tambi\u00e9n <\/span><b>reflejar el estilo y la identidad de la empresa. <\/b><span style=\"font-weight: 400;\">Para ello:<\/span><\/p>\n<ol>\n<li style=\"font-weight: 400;\" aria-level=\"1\"><b>Capacidad y accesibilidad: <\/b><span style=\"font-weight: 400;\">aseg\u00farate de que el espacio pueda albergar c\u00f3modamente a los asistentes y sea f\u00e1cil de localizar.<\/span><\/li>\n<li style=\"font-weight: 400;\" aria-level=\"1\"><b>Ambiente y est\u00e9tica:<\/b><span style=\"font-weight: 400;\"> busca un entorno coherente con la imagen de la marca; las fincas y espacios al aire libre son ideales para cenas o celebraciones m\u00e1s distendidas, mientras que los salones y auditorios funcionan mejor para eventos m\u00e1s formales.<\/span><\/li>\n<li style=\"font-weight: 400;\" aria-level=\"1\"><b>Servicios incluidos:<\/b><span style=\"font-weight: 400;\"> es recomendable que el espacio cuente con infraestructura adecuada (electricidad, climatizaci\u00f3n, ba\u00f1os, cocina, aparcamiento\u2026).<\/span><\/li>\n<\/ol>\n<p><span style=\"font-weight: 400;\">Y, por supuesto, <\/span><b>la fecha. <\/b><span style=\"font-weight: 400;\">Reservar con tiempo evita solapamientos con otros eventos o temporadas de alta demanda y garantiza una mejor disponibilidad de proveedores.<\/span><\/p>\n<p>&nbsp;<\/p>\n<h3><b>3. Cuida la experiencia gastron\u00f3mica<\/b><\/h3>\n<p><span style=\"font-weight: 400;\">Uno de los aspectos m\u00e1s recordados por los invitados en cualquier evento corporativo es <\/span><b>el catering.<\/b><span style=\"font-weight: 400;\"> La comida y bebida forman parte de la experiencia global, por lo que deben adaptarse tanto al tipo de evento como al p\u00fablico. Si quieres asegurarte de acertar\u2026<\/span><\/p>\n<ul>\n<li style=\"font-weight: 400;\" aria-level=\"1\"><span style=\"font-weight: 400;\">Dise\u00f1a un men\u00fa equilibrado entre sabor, presentaci\u00f3n y ritmo de servicio.<\/span><\/li>\n<li style=\"font-weight: 400;\" aria-level=\"1\"><span style=\"font-weight: 400;\">Apuesta por la cocina mediterr\u00e1nea o propuestas frescas y de temporada.<\/span><\/li>\n<li style=\"font-weight: 400;\" aria-level=\"1\"><span style=\"font-weight: 400;\">Incorpora estaciones de comida o corners gourmet para dar dinamismo al evento.<\/span><\/li>\n<li style=\"font-weight: 400;\" aria-level=\"1\"><span style=\"font-weight: 400;\">Ofrece opciones adaptadas a distintas dietas (vegetarianas, sin gluten, etc.).<\/span><\/li>\n<\/ul>\n<p><span style=\"font-weight: 400;\">Un buen catering no solo alimenta, sino que <\/span><b>transmite el estilo y la atenci\u00f3n al detalle<\/b><span style=\"font-weight: 400;\"> de la empresa anfitriona. Por eso, trabajar con un equipo profesional que cuide cada presentaci\u00f3n y cada sabor marcar\u00e1 la diferencia.<\/span><\/p>\n<img fetchpriority=\"high\" decoding=\"async\" width=\"799\" height=\"599\" class=\"alignnone size-full wp-image-5547\" src=\"https:\/\/www.thewedery.com\/wp\/wp-content\/uploads\/2025\/10\/IMG_1606.jpg\" alt=\"\" srcset=\"https:\/\/www.thewedery.com\/wp\/wp-content\/uploads\/2025\/10\/IMG_1606.jpg 799w, https:\/\/www.thewedery.com\/wp\/wp-content\/uploads\/2025\/10\/IMG_1606-300x225.jpg 300w, https:\/\/www.thewedery.com\/wp\/wp-content\/uploads\/2025\/10\/IMG_1606-768x576.jpg 768w\" sizes=\"(max-width: 799px) 100vw, 799px\" \/>\n<p>&nbsp;<\/p>\n<h3><b>4. Detalles que marcan la diferencia<\/b><\/h3>\n<p><span style=\"font-weight: 400;\">M\u00e1s all\u00e1 del espacio y la comida, son los peque\u00f1os detalles los que convierten un evento en una experiencia memorable. Algunos elementos que nunca deben faltar:<\/span><\/p>\n<ul>\n<li style=\"font-weight: 400;\" aria-level=\"1\"><b>Decoraci\u00f3n:<\/b><span style=\"font-weight: 400;\"> flores, luces decorativas, materiales naturales o elementos de marca que refuercen la identidad corporativa.<\/span><\/li>\n<li style=\"font-weight: 400;\" aria-level=\"1\"><b>Sonido e iluminaci\u00f3n:<\/b><span style=\"font-weight: 400;\"> imprescindibles para crear atm\u00f3sferas, resaltar momentos clave y mantener el inter\u00e9s de los invitados.<\/span><\/li>\n<li style=\"font-weight: 400;\" aria-level=\"1\"><b>Timing bien planificado:<\/b><span style=\"font-weight: 400;\"> cada parte del evento (recepci\u00f3n, discurso, cena, entrega de premios\u2026) debe estar cronometrada y coordinada.<\/span><\/li>\n<li style=\"font-weight: 400;\" aria-level=\"1\"><b>Regalos corporativos:<\/b><span style=\"font-weight: 400;\"> un peque\u00f1o detalle al final del evento ayuda a mantener el recuerdo de la marca.<\/span><\/li>\n<li style=\"font-weight: 400;\" aria-level=\"1\"><b>Fotograf\u00eda y v\u00eddeo:<\/b><span style=\"font-weight: 400;\"> documentar el evento con un enfoque profesional garantiza un material visual \u00fatil para redes, web o comunicaci\u00f3n interna.<\/span><\/li>\n<\/ul>\n<img decoding=\"async\" width=\"798\" height=\"599\" class=\"alignnone size-full wp-image-5550\" src=\"https:\/\/www.thewedery.com\/wp\/wp-content\/uploads\/2025\/10\/IMG_1585-1.jpg\" alt=\"\" srcset=\"https:\/\/www.thewedery.com\/wp\/wp-content\/uploads\/2025\/10\/IMG_1585-1.jpg 798w, https:\/\/www.thewedery.com\/wp\/wp-content\/uploads\/2025\/10\/IMG_1585-1-300x225.jpg 300w, https:\/\/www.thewedery.com\/wp\/wp-content\/uploads\/2025\/10\/IMG_1585-1-768x576.jpg 768w\" sizes=\"(max-width: 798px) 100vw, 798px\" \/>\n<p>&nbsp;<\/p>\n<p><span style=\"font-weight: 400;\">Estos componentes elevan la percepci\u00f3n del evento y demuestran profesionalismo, algo esencial cuando se trata de la imagen de una empresa.<\/span><\/p>\n<p>&nbsp;<\/p>\n<h2><b>En The Wedery hacemos realidad tu evento corporativo<\/b><\/h2>\n<p><span style=\"font-weight: 400;\">En The Wedery sabemos que la organizaci\u00f3n de un evento de este calibre va mucho m\u00e1s all\u00e1 de reservar un espacio, servir una cena, o tener una checklist del evento corporativo. Es la oportunidad perfecta para <\/span><b>proyectar la esencia de la empresa, generar v\u00ednculos duraderos y dejar huella en cada invitado.<\/b><\/p>\n<p><span style=\"font-weight: 400;\">Por eso, ofrecemos un <\/span><b>servicio integral de organizaci\u00f3n de eventos corporativo<\/b><span style=\"font-weight: 400;\">s, adapt\u00e1ndonos a las necesidades de cada cliente. Desde la elecci\u00f3n del lugar hasta la coordinaci\u00f3n con proveedores, el catering, la decoraci\u00f3n o la ambientaci\u00f3n, nuestro equipo se encarga de que cada detalle refleje la identidad de la marca anfitriona. Y para ello, <\/span><b>trabajamos con los mejores profesionales<\/b><span style=\"font-weight: 400;\"> en gastronom\u00eda, producci\u00f3n, protocolo y log\u00edstica, garantizando una ejecuci\u00f3n impecable y una experiencia a la altura de los valores de tu empresa.<\/span><\/p>\n<p><span style=\"font-weight: 400;\">Tanto si se trata de un <\/span><a href=\"https:\/\/www.thewedery.com\/es\/eventos-para-empresas-cocktail\/\"><span style=\"font-weight: 400;\">cocktail<\/span><\/a><span style=\"font-weight: 400;\">, una <\/span><a href=\"https:\/\/www.thewedery.com\/es\/cena-de-gala\/\"><span style=\"font-weight: 400;\">cena de gala<\/span><\/a><span style=\"font-weight: 400;\">, una jornada de formaci\u00f3n o un aniversario corporativo, en The Wedery dise\u00f1amos eventos \u00fanicos, elegantes y con un toque inolvidable. Porque entendemos que cada celebraci\u00f3n es una oportunidad para comunicar, conectar y brillar. \u00bfHablamos?<\/span><\/p>\n","protected":false},"excerpt":{"rendered":"<p>Organizar un evento corporativo puede parecer sencillo sobre el papel, pero en la pr\u00e1ctica implica una gran coordinaci\u00f3n, previsi\u00f3n y atenci\u00f3n al detalle. Desde una comida de empresa hasta una presentaci\u00f3n de producto o una gala anual, cada evento refleja la identidad de la marca y debe proyectar profesionalidad, coherencia y cuidado.<\/p>\n<p>Contar con una checklist para eventos corporativos bien estructurada es la mejor forma de asegurarse de que todo fluya correctamente. Una planificaci\u00f3n meticulosa no solo evita imprevistos, sino que tambi\u00e9n permite disfrutar del proceso de organizaci\u00f3n con m\u00e1s calma y seguridad.<\/p>\n","protected":false},"author":1,"featured_media":5546,"comment_status":"closed","ping_status":"closed","sticky":false,"template":"","format":"standard","meta":{"footnotes":""},"categories":[34],"tags":[],"class_list":["post-5542","post","type-post","status-publish","format-standard","has-post-thumbnail","hentry","category-empresas"],"yoast_head":"<!-- This site is optimized with the Yoast SEO plugin v24.6 - https:\/\/yoast.com\/wordpress\/plugins\/seo\/ -->\n<title>Checklist de eventos corporativos: \u00bfqu\u00e9 no puede faltar? - The Wedery<\/title>\n<meta name=\"description\" content=\"Organiza tu evento sin sorpresas con esta checklist para eventos corporativos. Conf\u00eda en la experiencia de The Wedery para un resultado impecable.\" \/>\n<meta name=\"robots\" content=\"index, follow, max-snippet:-1, max-image-preview:large, max-video-preview:-1\" \/>\n<link rel=\"canonical\" href=\"https:\/\/www.thewedery.com\/es\/checklist-de-eventos-corporativos-que-no-puede-faltar\/\" \/>\n<meta property=\"og:locale\" content=\"es_ES\" \/>\n<meta property=\"og:type\" content=\"article\" \/>\n<meta property=\"og:title\" content=\"Checklist de eventos corporativos: \u00bfqu\u00e9 no puede faltar? - The Wedery\" \/>\n<meta property=\"og:description\" content=\"Organiza tu evento sin sorpresas con esta checklist para eventos corporativos. Conf\u00eda en la experiencia de The Wedery para un resultado impecable.\" \/>\n<meta property=\"og:url\" content=\"https:\/\/www.thewedery.com\/es\/checklist-de-eventos-corporativos-que-no-puede-faltar\/\" \/>\n<meta property=\"og:site_name\" content=\"The Wedery\" \/>\n<meta property=\"article:published_time\" content=\"2025-10-14T07:24:23+00:00\" \/>\n<meta property=\"og:image\" content=\"https:\/\/www.thewedery.com\/wp\/wp-content\/uploads\/2025\/10\/IMG_1583.jpg\" \/>\n\t<meta property=\"og:image:width\" content=\"1170\" \/>\n\t<meta property=\"og:image:height\" content=\"878\" \/>\n\t<meta property=\"og:image:type\" content=\"image\/jpeg\" \/>\n<meta name=\"author\" content=\"adora\" \/>\n<meta name=\"twitter:label1\" content=\"Escrito por\" \/>\n\t<meta name=\"twitter:data1\" content=\"adora\" \/>\n\t<meta name=\"twitter:label2\" content=\"Tiempo de lectura\" \/>\n\t<meta name=\"twitter:data2\" content=\"4 minutos\" \/>\n<script type=\"application\/ld+json\" class=\"yoast-schema-graph\">{\"@context\":\"https:\/\/schema.org\",\"@graph\":[{\"@type\":\"Article\",\"@id\":\"https:\/\/www.thewedery.com\/es\/checklist-de-eventos-corporativos-que-no-puede-faltar\/#article\",\"isPartOf\":{\"@id\":\"https:\/\/www.thewedery.com\/es\/checklist-de-eventos-corporativos-que-no-puede-faltar\/\"},\"author\":{\"name\":\"adora\",\"@id\":\"https:\/\/www.thewedery.com\/#\/schema\/person\/592d1d321053d0a76c2c9769c6fb642f\"},\"headline\":\"Checklist de eventos corporativos: \u00bfqu\u00e9 no puede faltar?\",\"datePublished\":\"2025-10-14T07:24:23+00:00\",\"mainEntityOfPage\":{\"@id\":\"https:\/\/www.thewedery.com\/es\/checklist-de-eventos-corporativos-que-no-puede-faltar\/\"},\"wordCount\":799,\"publisher\":{\"@id\":\"https:\/\/www.thewedery.com\/#organization\"},\"image\":{\"@id\":\"https:\/\/www.thewedery.com\/es\/checklist-de-eventos-corporativos-que-no-puede-faltar\/#primaryimage\"},\"thumbnailUrl\":\"https:\/\/www.thewedery.com\/wp\/wp-content\/uploads\/2025\/10\/IMG_1583.jpg\",\"articleSection\":[\"Empresas\"],\"inLanguage\":\"es\"},{\"@type\":\"WebPage\",\"@id\":\"https:\/\/www.thewedery.com\/es\/checklist-de-eventos-corporativos-que-no-puede-faltar\/\",\"url\":\"https:\/\/www.thewedery.com\/es\/checklist-de-eventos-corporativos-que-no-puede-faltar\/\",\"name\":\"Checklist de eventos corporativos: \u00bfqu\u00e9 no puede faltar? - The Wedery\",\"isPartOf\":{\"@id\":\"https:\/\/www.thewedery.com\/#website\"},\"primaryImageOfPage\":{\"@id\":\"https:\/\/www.thewedery.com\/es\/checklist-de-eventos-corporativos-que-no-puede-faltar\/#primaryimage\"},\"image\":{\"@id\":\"https:\/\/www.thewedery.com\/es\/checklist-de-eventos-corporativos-que-no-puede-faltar\/#primaryimage\"},\"thumbnailUrl\":\"https:\/\/www.thewedery.com\/wp\/wp-content\/uploads\/2025\/10\/IMG_1583.jpg\",\"datePublished\":\"2025-10-14T07:24:23+00:00\",\"description\":\"Organiza tu evento sin sorpresas con esta checklist para eventos corporativos. Conf\u00eda en la experiencia de The Wedery para un resultado impecable.\",\"breadcrumb\":{\"@id\":\"https:\/\/www.thewedery.com\/es\/checklist-de-eventos-corporativos-que-no-puede-faltar\/#breadcrumb\"},\"inLanguage\":\"es\",\"potentialAction\":[{\"@type\":\"ReadAction\",\"target\":[\"https:\/\/www.thewedery.com\/es\/checklist-de-eventos-corporativos-que-no-puede-faltar\/\"]}]},{\"@type\":\"ImageObject\",\"inLanguage\":\"es\",\"@id\":\"https:\/\/www.thewedery.com\/es\/checklist-de-eventos-corporativos-que-no-puede-faltar\/#primaryimage\",\"url\":\"https:\/\/www.thewedery.com\/wp\/wp-content\/uploads\/2025\/10\/IMG_1583.jpg\",\"contentUrl\":\"https:\/\/www.thewedery.com\/wp\/wp-content\/uploads\/2025\/10\/IMG_1583.jpg\",\"width\":1170,\"height\":878,\"caption\":\"??????????\"},{\"@type\":\"BreadcrumbList\",\"@id\":\"https:\/\/www.thewedery.com\/es\/checklist-de-eventos-corporativos-que-no-puede-faltar\/#breadcrumb\",\"itemListElement\":[{\"@type\":\"ListItem\",\"position\":1,\"name\":\"Home\",\"item\":\"https:\/\/www.thewedery.com\/es\/\"},{\"@type\":\"ListItem\",\"position\":2,\"name\":\"Checklist de eventos corporativos: \u00bfqu\u00e9 no puede faltar?\"}]},{\"@type\":\"WebSite\",\"@id\":\"https:\/\/www.thewedery.com\/#website\",\"url\":\"https:\/\/www.thewedery.com\/\",\"name\":\"The Wedery\",\"description\":\"Eventos sociales y corporativos en Alicante\",\"publisher\":{\"@id\":\"https:\/\/www.thewedery.com\/#organization\"},\"potentialAction\":[{\"@type\":\"SearchAction\",\"target\":{\"@type\":\"EntryPoint\",\"urlTemplate\":\"https:\/\/www.thewedery.com\/?s={search_term_string}\"},\"query-input\":{\"@type\":\"PropertyValueSpecification\",\"valueRequired\":true,\"valueName\":\"search_term_string\"}}],\"inLanguage\":\"es\"},{\"@type\":\"Organization\",\"@id\":\"https:\/\/www.thewedery.com\/#organization\",\"name\":\"The Wedery\",\"url\":\"https:\/\/www.thewedery.com\/\",\"logo\":{\"@type\":\"ImageObject\",\"inLanguage\":\"es\",\"@id\":\"https:\/\/www.thewedery.com\/#\/schema\/logo\/image\/\",\"url\":\"https:\/\/www.thewedery.com\/wp\/wp-content\/uploads\/2022\/03\/logo-admin.svg\",\"contentUrl\":\"https:\/\/www.thewedery.com\/wp\/wp-content\/uploads\/2022\/03\/logo-admin.svg\",\"caption\":\"The Wedery\"},\"image\":{\"@id\":\"https:\/\/www.thewedery.com\/#\/schema\/logo\/image\/\"}},{\"@type\":\"Person\",\"@id\":\"https:\/\/www.thewedery.com\/#\/schema\/person\/592d1d321053d0a76c2c9769c6fb642f\",\"name\":\"adora\"}]}<\/script>\n<!-- \/ Yoast SEO plugin. -->","yoast_head_json":{"title":"Checklist de eventos corporativos: \u00bfqu\u00e9 no puede faltar? - The Wedery","description":"Organiza tu evento sin sorpresas con esta checklist para eventos corporativos. Conf\u00eda en la experiencia de The Wedery para un resultado impecable.","robots":{"index":"index","follow":"follow","max-snippet":"max-snippet:-1","max-image-preview":"max-image-preview:large","max-video-preview":"max-video-preview:-1"},"canonical":"https:\/\/www.thewedery.com\/es\/checklist-de-eventos-corporativos-que-no-puede-faltar\/","og_locale":"es_ES","og_type":"article","og_title":"Checklist de eventos corporativos: \u00bfqu\u00e9 no puede faltar? - The Wedery","og_description":"Organiza tu evento sin sorpresas con esta checklist para eventos corporativos. Conf\u00eda en la experiencia de The Wedery para un resultado impecable.","og_url":"https:\/\/www.thewedery.com\/es\/checklist-de-eventos-corporativos-que-no-puede-faltar\/","og_site_name":"The Wedery","article_published_time":"2025-10-14T07:24:23+00:00","og_image":[{"width":1170,"height":878,"url":"https:\/\/www.thewedery.com\/wp\/wp-content\/uploads\/2025\/10\/IMG_1583.jpg","type":"image\/jpeg"}],"author":"adora","twitter_misc":{"Escrito por":"adora","Tiempo de lectura":"4 minutos"},"schema":{"@context":"https:\/\/schema.org","@graph":[{"@type":"Article","@id":"https:\/\/www.thewedery.com\/es\/checklist-de-eventos-corporativos-que-no-puede-faltar\/#article","isPartOf":{"@id":"https:\/\/www.thewedery.com\/es\/checklist-de-eventos-corporativos-que-no-puede-faltar\/"},"author":{"name":"adora","@id":"https:\/\/www.thewedery.com\/#\/schema\/person\/592d1d321053d0a76c2c9769c6fb642f"},"headline":"Checklist de eventos corporativos: \u00bfqu\u00e9 no puede faltar?","datePublished":"2025-10-14T07:24:23+00:00","mainEntityOfPage":{"@id":"https:\/\/www.thewedery.com\/es\/checklist-de-eventos-corporativos-que-no-puede-faltar\/"},"wordCount":799,"publisher":{"@id":"https:\/\/www.thewedery.com\/#organization"},"image":{"@id":"https:\/\/www.thewedery.com\/es\/checklist-de-eventos-corporativos-que-no-puede-faltar\/#primaryimage"},"thumbnailUrl":"https:\/\/www.thewedery.com\/wp\/wp-content\/uploads\/2025\/10\/IMG_1583.jpg","articleSection":["Empresas"],"inLanguage":"es"},{"@type":"WebPage","@id":"https:\/\/www.thewedery.com\/es\/checklist-de-eventos-corporativos-que-no-puede-faltar\/","url":"https:\/\/www.thewedery.com\/es\/checklist-de-eventos-corporativos-que-no-puede-faltar\/","name":"Checklist de eventos corporativos: \u00bfqu\u00e9 no puede faltar? - The Wedery","isPartOf":{"@id":"https:\/\/www.thewedery.com\/#website"},"primaryImageOfPage":{"@id":"https:\/\/www.thewedery.com\/es\/checklist-de-eventos-corporativos-que-no-puede-faltar\/#primaryimage"},"image":{"@id":"https:\/\/www.thewedery.com\/es\/checklist-de-eventos-corporativos-que-no-puede-faltar\/#primaryimage"},"thumbnailUrl":"https:\/\/www.thewedery.com\/wp\/wp-content\/uploads\/2025\/10\/IMG_1583.jpg","datePublished":"2025-10-14T07:24:23+00:00","description":"Organiza tu evento sin sorpresas con esta checklist para eventos corporativos. Conf\u00eda en la experiencia de The Wedery para un resultado impecable.","breadcrumb":{"@id":"https:\/\/www.thewedery.com\/es\/checklist-de-eventos-corporativos-que-no-puede-faltar\/#breadcrumb"},"inLanguage":"es","potentialAction":[{"@type":"ReadAction","target":["https:\/\/www.thewedery.com\/es\/checklist-de-eventos-corporativos-que-no-puede-faltar\/"]}]},{"@type":"ImageObject","inLanguage":"es","@id":"https:\/\/www.thewedery.com\/es\/checklist-de-eventos-corporativos-que-no-puede-faltar\/#primaryimage","url":"https:\/\/www.thewedery.com\/wp\/wp-content\/uploads\/2025\/10\/IMG_1583.jpg","contentUrl":"https:\/\/www.thewedery.com\/wp\/wp-content\/uploads\/2025\/10\/IMG_1583.jpg","width":1170,"height":878,"caption":"??????????"},{"@type":"BreadcrumbList","@id":"https:\/\/www.thewedery.com\/es\/checklist-de-eventos-corporativos-que-no-puede-faltar\/#breadcrumb","itemListElement":[{"@type":"ListItem","position":1,"name":"Home","item":"https:\/\/www.thewedery.com\/es\/"},{"@type":"ListItem","position":2,"name":"Checklist de eventos corporativos: \u00bfqu\u00e9 no puede faltar?"}]},{"@type":"WebSite","@id":"https:\/\/www.thewedery.com\/#website","url":"https:\/\/www.thewedery.com\/","name":"The Wedery","description":"Eventos sociales y corporativos en Alicante","publisher":{"@id":"https:\/\/www.thewedery.com\/#organization"},"potentialAction":[{"@type":"SearchAction","target":{"@type":"EntryPoint","urlTemplate":"https:\/\/www.thewedery.com\/?s={search_term_string}"},"query-input":{"@type":"PropertyValueSpecification","valueRequired":true,"valueName":"search_term_string"}}],"inLanguage":"es"},{"@type":"Organization","@id":"https:\/\/www.thewedery.com\/#organization","name":"The Wedery","url":"https:\/\/www.thewedery.com\/","logo":{"@type":"ImageObject","inLanguage":"es","@id":"https:\/\/www.thewedery.com\/#\/schema\/logo\/image\/","url":"https:\/\/www.thewedery.com\/wp\/wp-content\/uploads\/2022\/03\/logo-admin.svg","contentUrl":"https:\/\/www.thewedery.com\/wp\/wp-content\/uploads\/2022\/03\/logo-admin.svg","caption":"The Wedery"},"image":{"@id":"https:\/\/www.thewedery.com\/#\/schema\/logo\/image\/"}},{"@type":"Person","@id":"https:\/\/www.thewedery.com\/#\/schema\/person\/592d1d321053d0a76c2c9769c6fb642f","name":"adora"}]}},"_links":{"self":[{"href":"https:\/\/www.thewedery.com\/es\/wp-json\/wp\/v2\/posts\/5542"}],"collection":[{"href":"https:\/\/www.thewedery.com\/es\/wp-json\/wp\/v2\/posts"}],"about":[{"href":"https:\/\/www.thewedery.com\/es\/wp-json\/wp\/v2\/types\/post"}],"author":[{"embeddable":true,"href":"https:\/\/www.thewedery.com\/es\/wp-json\/wp\/v2\/users\/1"}],"replies":[{"embeddable":true,"href":"https:\/\/www.thewedery.com\/es\/wp-json\/wp\/v2\/comments?post=5542"}],"version-history":[{"count":4,"href":"https:\/\/www.thewedery.com\/es\/wp-json\/wp\/v2\/posts\/5542\/revisions"}],"predecessor-version":[{"id":5551,"href":"https:\/\/www.thewedery.com\/es\/wp-json\/wp\/v2\/posts\/5542\/revisions\/5551"}],"wp:featuredmedia":[{"embeddable":true,"href":"https:\/\/www.thewedery.com\/es\/wp-json\/wp\/v2\/media\/5546"}],"wp:attachment":[{"href":"https:\/\/www.thewedery.com\/es\/wp-json\/wp\/v2\/media?parent=5542"}],"wp:term":[{"taxonomy":"category","embeddable":true,"href":"https:\/\/www.thewedery.com\/es\/wp-json\/wp\/v2\/categories?post=5542"},{"taxonomy":"post_tag","embeddable":true,"href":"https:\/\/www.thewedery.com\/es\/wp-json\/wp\/v2\/tags?post=5542"}],"curies":[{"name":"wp","href":"https:\/\/api.w.org\/{rel}","templated":true}]}}