{"id":5418,"date":"2025-08-31T12:18:21","date_gmt":"2025-08-31T11:18:21","guid":{"rendered":"https:\/\/www.thewedery.com\/es\/?p=5418"},"modified":"2025-08-21T12:27:33","modified_gmt":"2025-08-21T11:27:33","slug":"elegir-paquetes-de-boda-todo-incluido","status":"publish","type":"post","link":"https:\/\/www.thewedery.com\/es\/elegir-paquetes-de-boda-todo-incluido\/","title":{"rendered":"Paquetes de bodas: \u00bfcerrados o a medida?"},"content":{"rendered":"<p class=\"lead\"><span style=\"font-weight: 400;\">Cuando una pareja empieza a organizar su boda, es habitual que busquen algo que simplifique la planificaci\u00f3n: <\/span><i><span style=\"font-weight: 400;\">paquetes de bodas<\/span><\/i><span style=\"font-weight: 400;\">, <\/span><i><span style=\"font-weight: 400;\">paquetes de boda todo incluido<\/span><\/i><span style=\"font-weight: 400;\"> o incluso <\/span><i><span style=\"font-weight: 400;\">bodas todo incluido<\/span><\/i><span style=\"font-weight: 400;\">. La idea de encontrar un \u00fanico paquete que resuelva todo es irresistible. Sin embargo, tras m\u00e1s de 2.000 bodas organizadas, hemos aprendido que <\/span><b>lo que realmente emociona a los novios no es un paquete cerrado, sino la posibilidad de que su boda se construya a medida,<\/b><span style=\"font-weight: 400;\"> con libertad y sin l\u00edmites creativos.<\/span><\/p>\n<p><span style=\"font-weight: 400;\">En <\/span><b>The Wedery<\/b><span style=\"font-weight: 400;\"> no ofrecemos paquetes r\u00edgidos. <\/span><b>Cada finca tiene sus propios men\u00fas cuidadosamente dise\u00f1ados,<\/b><span style=\"font-weight: 400;\"> y a partir de ah\u00ed, los <\/span><b>extras <\/b><span style=\"font-weight: 400;\">se suman seg\u00fan el estilo y los deseos de cada pareja. Rinc\u00f3n de bienvenida, mesas gourmet, recena, decoraci\u00f3n personalizada, fotograf\u00eda, v\u00eddeo, planificaci\u00f3n y protocolo: todo est\u00e1 disponible, pero <\/span><b>vosotros decid\u00eds c\u00f3mo combinarlo para crear la experiencia perfecta.<\/b><\/p>\n<p>&nbsp;<\/p>\n<h2><b>M\u00e1s que un paquete de bodas: una celebraci\u00f3n que os pertenece<\/b><\/h2>\n<p><span style=\"font-weight: 400;\">Cuando hablamos de <\/span><i><span style=\"font-weight: 400;\">bodas todo incluido<\/span><\/i><span style=\"font-weight: 400;\">, no nos referimos a un listado predefinido de servicios. Hablamos de <\/span><b>tranquilidad y seguridad:<\/b><span style=\"font-weight: 400;\"> saber que cada elemento esencial de vuestra boda est\u00e1 cubierto por un equipo con experiencia, mientras vosotros pod\u00e9is centraros en disfrutar del momento.<\/span><\/p>\n<p><span style=\"font-weight: 400;\">Imaginad a vuestros invitados llegando a la <\/span><a href=\"https:\/\/www.thewedery.com\/es\/the-venues\/\"><span style=\"font-weight: 400;\">finca<\/span><\/a><span style=\"font-weight: 400;\">, sorprendidos por un rinc\u00f3n de bienvenida que refleja vuestra historia. M\u00e1s tarde, la comida dise\u00f1ada especialmente para ese espacio, acompa\u00f1ada de mesas gourmet que invitan a descubrir sabores \u00fanicos. Y por la noche, la recena y la fiesta que no pierden ritmo, todo mientras sab\u00e9is que la organizaci\u00f3n, la coordinaci\u00f3n del protocolo y la planificaci\u00f3n est\u00e1n en manos de profesionales. Ese es nuestro concepto de <\/span><i><span style=\"font-weight: 400;\">matrimonio todo incluido<\/span><\/i><span style=\"font-weight: 400;\">: no un paquete, sino una experiencia que fluye sin interrupciones, donde cada detalle est\u00e1 pensado para vosotros.<\/span><\/p>\n<p>&nbsp;<\/p>\n<img fetchpriority=\"high\" decoding=\"async\" width=\"1014\" height=\"1024\" class=\"size-large wp-image-5420 aligncenter\" src=\"https:\/\/www.thewedery.com\/wp\/wp-content\/uploads\/2025\/08\/IMG_1598-1014x1024.jpg\" alt=\"\" srcset=\"https:\/\/www.thewedery.com\/wp\/wp-content\/uploads\/2025\/08\/IMG_1598-1014x1024.jpg 1014w, https:\/\/www.thewedery.com\/wp\/wp-content\/uploads\/2025\/08\/IMG_1598-297x300.jpg 297w, https:\/\/www.thewedery.com\/wp\/wp-content\/uploads\/2025\/08\/IMG_1598-150x150.jpg 150w, https:\/\/www.thewedery.com\/wp\/wp-content\/uploads\/2025\/08\/IMG_1598-768x775.jpg 768w, https:\/\/www.thewedery.com\/wp\/wp-content\/uploads\/2025\/08\/IMG_1598-125x125.jpg 125w, https:\/\/www.thewedery.com\/wp\/wp-content\/uploads\/2025\/08\/IMG_1598.jpg 1170w\" sizes=\"(max-width: 1014px) 100vw, 1014px\" \/>\n<p>&nbsp;<\/p>\n<h2><b>La libertad de dise\u00f1ar vuestra boda con The Wedery<\/b><\/h2>\n<p><span style=\"font-weight: 400;\">Los paquetes para bodas tradicionales a veces limitan. La f\u00f3rmula \u201ctodo incluido\u201d puede sonar tentadora, pero obliga a los novios a adaptarse a un plan preestablecido, a menudo perdiendo la esencia de lo que imaginaron.<\/span><\/p>\n<p><span style=\"font-weight: 400;\">Con nosotros, la l\u00f3gica es distinta.<\/span><b> Cada finca tiene un estilo propio y un men\u00fa que funciona como base s\u00f3lida.<\/b><span style=\"font-weight: 400;\"> A partir de ah\u00ed, vosotros vais sumando los extras que os inspiren, sin necesidad de contratarlos todos.<\/span><\/p>\n<p><span style=\"font-weight: 400;\">Esta flexibilidad garantiza que la boda nunca parezca un est\u00e1ndar ni que haya dos iguales. Cada elemento refleja qui\u00e9nes sois y c\u00f3mo quer\u00e9is vivir vuestro d\u00eda.<\/span><\/p>\n<p>&nbsp;<\/p>\n<h2><b>\u00bfPor qu\u00e9 no contratar paquetes de boda \u201ctodo incluido\u201d est\u00e1ndar?<\/b><\/h2>\n<p><span style=\"font-weight: 400;\">Elegir un enfoque personalizado en lugar de un paquete cerrado tambi\u00e9n se traduce en una experiencia prolongada. Pensad en esos momentos que ocurren despu\u00e9s del banquete: una charla improvisada con amigos en un rinc\u00f3n de la finca, el paseo de la madrugada bajo las luces de la celebraci\u00f3n, o un desayuno compartido al d\u00eda siguiente que rememora cada instante del enlace.<\/span><\/p>\n<p><span style=\"font-weight: 400;\">Estos detalles son imposibles de capturar en un paquete est\u00e1ndar. Por eso, nuestra propuesta de <\/span><i><span style=\"font-weight: 400;\">bodas todo incluido<\/span><\/i><span style=\"font-weight: 400;\"> busca<\/span><b> dar coherencia a toda la experiencia, no solo al evento principal.<\/b><span style=\"font-weight: 400;\"> Vuestros invitados sienten que forman parte de algo m\u00e1s que un d\u00eda: participan en una historia dise\u00f1ada para dejar recuerdos.<\/span><\/p>\n<p>&nbsp;<\/p>\n<img decoding=\"async\" width=\"1024\" height=\"970\" class=\"size-large wp-image-5422 aligncenter\" src=\"https:\/\/www.thewedery.com\/wp\/wp-content\/uploads\/2025\/08\/IMG_1597-1024x970.jpg\" alt=\"\" srcset=\"https:\/\/www.thewedery.com\/wp\/wp-content\/uploads\/2025\/08\/IMG_1597-1024x970.jpg 1024w, https:\/\/www.thewedery.com\/wp\/wp-content\/uploads\/2025\/08\/IMG_1597-300x284.jpg 300w, https:\/\/www.thewedery.com\/wp\/wp-content\/uploads\/2025\/08\/IMG_1597-768x727.jpg 768w, https:\/\/www.thewedery.com\/wp\/wp-content\/uploads\/2025\/08\/IMG_1597.jpg 1170w\" sizes=\"(max-width: 1024px) 100vw, 1024px\" \/>\n<p>&nbsp;<\/p>\n<h2><b>Marca la diferencia con The Wedery<\/b><\/h2>\n<p><span style=\"font-weight: 400;\">Nuestros a\u00f1os de experiencia nos permiten <\/span><b>combinar la eficiencia de lo esencial con la creatividad de lo \u00fanico<\/b><span style=\"font-weight: 400;\">. Cada boda es un proyecto donde los novios son protagonistas y nosotros acompa\u00f1amos, aconsejamos y facilitamos cada decisi\u00f3n.<\/span><\/p>\n<p><span style=\"font-weight: 400;\">Los paquetes de bodas tradicionales no contemplan esta riqueza: todo se reduce a lo que est\u00e1 incluido en un listado, y cualquier modificaci\u00f3n puede suponer restricciones.\u00a0<\/span><\/p>\n<p><span style=\"font-weight: 400;\">Con The Wedery, la estructura es flexible, y vosotros decid\u00eds hasta d\u00f3nde quer\u00e9is llegar. Esto significa que lo esencial est\u00e1 cubierto, pero que cada capa extra refleja vuestra historia. Imaginad que cada detalle se suma a un lienzo: la elecci\u00f3n de cada plato, la luz en cada rinc\u00f3n, la m\u00fasica que acompa\u00f1a los momentos clave y la coordinaci\u00f3n que permite disfrutar sin preocupaciones.<\/span><\/p>\n<p><span style=\"font-weight: 400;\">Esa es la diferencia entre contratar un paquete y vivir una boda dise\u00f1ada para vosotros. No solo est\u00e1 la comodidad de saber que todo est\u00e1 gestionado, sino <\/span><b>la emoci\u00f3n de reconocer que cada decisi\u00f3n refleja qui\u00e9nes sois y c\u00f3mo quer\u00e9is que os recuerden.<\/b><\/p>\n<p><span style=\"font-weight: 400;\">Si busc\u00e1is que cada instante tenga sentido, que la experiencia de vuestros invitados sea c\u00f3moda y memorable, y que vosotros disfrut\u00e9is de cada segundo sin prisas, nuestro enfoque es la mejor opci\u00f3n. <\/span><a href=\"https:\/\/www.thewedery.com\/es\/the-contact\/\"><b>Contactad con nosotros<\/b><\/a><span style=\"font-weight: 400;\"> y descubrid c\u00f3mo transformar un concepto de boda en una celebraci\u00f3n hecha a vuestra medida. \u00a1Os esperamos!<\/span><\/p>\n","protected":false},"excerpt":{"rendered":"<p>Cuando una pareja empieza a organizar su boda, es habitual que busquen algo que simplifique la planificaci\u00f3n: paquetes de bodas, paquetes de boda todo incluido o incluso bodas todo incluido. La idea de encontrar un \u00fanico paquete que resuelva todo es irresistible. Sin embargo, tras m\u00e1s de 2.000 bodas organizadas, hemos aprendido que lo que realmente emociona a los novios no es un paquete cerrado, sino la posibilidad de que su boda se construya a medida, con libertad y sin l\u00edmites creativos.<\/p>\n","protected":false},"author":1,"featured_media":5425,"comment_status":"closed","ping_status":"closed","sticky":false,"template":"","format":"standard","meta":{"footnotes":""},"categories":[5],"tags":[],"class_list":["post-5418","post","type-post","status-publish","format-standard","has-post-thumbnail","hentry","category-decoracion"],"yoast_head":"<!-- This site is optimized with the Yoast SEO plugin v24.6 - https:\/\/yoast.com\/wordpress\/plugins\/seo\/ -->\n<title>Paquetes de boda: \u00bfcerrados o a medida? | The Wedery<\/title>\n<meta name=\"description\" content=\"En The Wedery construimos tu d\u00eda a medida, desde la elecci\u00f3n de la finca. \u00a1Huye de paquetes de boda est\u00e1ndar y descubre por qu\u00e9 somos tu mejor elecci\u00f3n!\" \/>\n<meta name=\"robots\" content=\"index, follow, max-snippet:-1, max-image-preview:large, max-video-preview:-1\" \/>\n<link rel=\"canonical\" href=\"https:\/\/www.thewedery.com\/es\/elegir-paquetes-de-boda-todo-incluido\/\" \/>\n<meta property=\"og:locale\" content=\"es_ES\" \/>\n<meta property=\"og:type\" content=\"article\" \/>\n<meta property=\"og:title\" content=\"Paquetes de boda: \u00bfcerrados o a medida? | The Wedery\" \/>\n<meta property=\"og:description\" content=\"En The Wedery construimos tu d\u00eda a medida, desde la elecci\u00f3n de la finca. \u00a1Huye de paquetes de boda est\u00e1ndar y descubre por qu\u00e9 somos tu mejor elecci\u00f3n!\" \/>\n<meta property=\"og:url\" content=\"https:\/\/www.thewedery.com\/es\/elegir-paquetes-de-boda-todo-incluido\/\" \/>\n<meta property=\"og:site_name\" content=\"The Wedery\" \/>\n<meta property=\"article:published_time\" content=\"2025-08-31T11:18:21+00:00\" \/>\n<meta property=\"og:image\" content=\"https:\/\/www.thewedery.com\/wp\/wp-content\/uploads\/2025\/08\/IMG_1637.jpg\" \/>\n\t<meta property=\"og:image:width\" content=\"1041\" \/>\n\t<meta property=\"og:image:height\" content=\"1329\" \/>\n\t<meta property=\"og:image:type\" content=\"image\/jpeg\" \/>\n<meta name=\"author\" content=\"adora\" \/>\n<meta name=\"twitter:label1\" content=\"Escrito por\" \/>\n\t<meta name=\"twitter:data1\" content=\"adora\" \/>\n\t<meta name=\"twitter:label2\" content=\"Tiempo de lectura\" \/>\n\t<meta name=\"twitter:data2\" content=\"4 minutos\" \/>\n<script type=\"application\/ld+json\" class=\"yoast-schema-graph\">{\"@context\":\"https:\/\/schema.org\",\"@graph\":[{\"@type\":\"Article\",\"@id\":\"https:\/\/www.thewedery.com\/es\/elegir-paquetes-de-boda-todo-incluido\/#article\",\"isPartOf\":{\"@id\":\"https:\/\/www.thewedery.com\/es\/elegir-paquetes-de-boda-todo-incluido\/\"},\"author\":{\"name\":\"adora\",\"@id\":\"https:\/\/www.thewedery.com\/#\/schema\/person\/592d1d321053d0a76c2c9769c6fb642f\"},\"headline\":\"Paquetes de bodas: \u00bfcerrados o a medida?\",\"datePublished\":\"2025-08-31T11:18:21+00:00\",\"mainEntityOfPage\":{\"@id\":\"https:\/\/www.thewedery.com\/es\/elegir-paquetes-de-boda-todo-incluido\/\"},\"wordCount\":823,\"publisher\":{\"@id\":\"https:\/\/www.thewedery.com\/#organization\"},\"image\":{\"@id\":\"https:\/\/www.thewedery.com\/es\/elegir-paquetes-de-boda-todo-incluido\/#primaryimage\"},\"thumbnailUrl\":\"https:\/\/www.thewedery.com\/wp\/wp-content\/uploads\/2025\/08\/IMG_1637.jpg\",\"articleSection\":[\"Decoraci\u00f3n\"],\"inLanguage\":\"es\"},{\"@type\":\"WebPage\",\"@id\":\"https:\/\/www.thewedery.com\/es\/elegir-paquetes-de-boda-todo-incluido\/\",\"url\":\"https:\/\/www.thewedery.com\/es\/elegir-paquetes-de-boda-todo-incluido\/\",\"name\":\"Paquetes de boda: \u00bfcerrados o a medida? | The Wedery\",\"isPartOf\":{\"@id\":\"https:\/\/www.thewedery.com\/#website\"},\"primaryImageOfPage\":{\"@id\":\"https:\/\/www.thewedery.com\/es\/elegir-paquetes-de-boda-todo-incluido\/#primaryimage\"},\"image\":{\"@id\":\"https:\/\/www.thewedery.com\/es\/elegir-paquetes-de-boda-todo-incluido\/#primaryimage\"},\"thumbnailUrl\":\"https:\/\/www.thewedery.com\/wp\/wp-content\/uploads\/2025\/08\/IMG_1637.jpg\",\"datePublished\":\"2025-08-31T11:18:21+00:00\",\"description\":\"En The Wedery construimos tu d\u00eda a medida, desde la elecci\u00f3n de la finca. \u00a1Huye de paquetes de boda est\u00e1ndar y descubre por qu\u00e9 somos tu mejor elecci\u00f3n!\",\"breadcrumb\":{\"@id\":\"https:\/\/www.thewedery.com\/es\/elegir-paquetes-de-boda-todo-incluido\/#breadcrumb\"},\"inLanguage\":\"es\",\"potentialAction\":[{\"@type\":\"ReadAction\",\"target\":[\"https:\/\/www.thewedery.com\/es\/elegir-paquetes-de-boda-todo-incluido\/\"]}]},{\"@type\":\"ImageObject\",\"inLanguage\":\"es\",\"@id\":\"https:\/\/www.thewedery.com\/es\/elegir-paquetes-de-boda-todo-incluido\/#primaryimage\",\"url\":\"https:\/\/www.thewedery.com\/wp\/wp-content\/uploads\/2025\/08\/IMG_1637.jpg\",\"contentUrl\":\"https:\/\/www.thewedery.com\/wp\/wp-content\/uploads\/2025\/08\/IMG_1637.jpg\",\"width\":1041,\"height\":1329,\"caption\":\"Screenshot\"},{\"@type\":\"BreadcrumbList\",\"@id\":\"https:\/\/www.thewedery.com\/es\/elegir-paquetes-de-boda-todo-incluido\/#breadcrumb\",\"itemListElement\":[{\"@type\":\"ListItem\",\"position\":1,\"name\":\"Home\",\"item\":\"https:\/\/www.thewedery.com\/es\/\"},{\"@type\":\"ListItem\",\"position\":2,\"name\":\"Paquetes de bodas: \u00bfcerrados o a medida?\"}]},{\"@type\":\"WebSite\",\"@id\":\"https:\/\/www.thewedery.com\/#website\",\"url\":\"https:\/\/www.thewedery.com\/\",\"name\":\"The Wedery\",\"description\":\"Eventos sociales y corporativos en Alicante\",\"publisher\":{\"@id\":\"https:\/\/www.thewedery.com\/#organization\"},\"potentialAction\":[{\"@type\":\"SearchAction\",\"target\":{\"@type\":\"EntryPoint\",\"urlTemplate\":\"https:\/\/www.thewedery.com\/?s={search_term_string}\"},\"query-input\":{\"@type\":\"PropertyValueSpecification\",\"valueRequired\":true,\"valueName\":\"search_term_string\"}}],\"inLanguage\":\"es\"},{\"@type\":\"Organization\",\"@id\":\"https:\/\/www.thewedery.com\/#organization\",\"name\":\"The Wedery\",\"url\":\"https:\/\/www.thewedery.com\/\",\"logo\":{\"@type\":\"ImageObject\",\"inLanguage\":\"es\",\"@id\":\"https:\/\/www.thewedery.com\/#\/schema\/logo\/image\/\",\"url\":\"https:\/\/www.thewedery.com\/wp\/wp-content\/uploads\/2022\/03\/logo-admin.svg\",\"contentUrl\":\"https:\/\/www.thewedery.com\/wp\/wp-content\/uploads\/2022\/03\/logo-admin.svg\",\"caption\":\"The Wedery\"},\"image\":{\"@id\":\"https:\/\/www.thewedery.com\/#\/schema\/logo\/image\/\"}},{\"@type\":\"Person\",\"@id\":\"https:\/\/www.thewedery.com\/#\/schema\/person\/592d1d321053d0a76c2c9769c6fb642f\",\"name\":\"adora\"}]}<\/script>\n<!-- \/ Yoast SEO plugin. -->","yoast_head_json":{"title":"Paquetes de boda: \u00bfcerrados o a medida? | The Wedery","description":"En The Wedery construimos tu d\u00eda a medida, desde la elecci\u00f3n de la finca. \u00a1Huye de paquetes de boda est\u00e1ndar y descubre por qu\u00e9 somos tu mejor elecci\u00f3n!","robots":{"index":"index","follow":"follow","max-snippet":"max-snippet:-1","max-image-preview":"max-image-preview:large","max-video-preview":"max-video-preview:-1"},"canonical":"https:\/\/www.thewedery.com\/es\/elegir-paquetes-de-boda-todo-incluido\/","og_locale":"es_ES","og_type":"article","og_title":"Paquetes de boda: \u00bfcerrados o a medida? | The Wedery","og_description":"En The Wedery construimos tu d\u00eda a medida, desde la elecci\u00f3n de la finca. \u00a1Huye de paquetes de boda est\u00e1ndar y descubre por qu\u00e9 somos tu mejor elecci\u00f3n!","og_url":"https:\/\/www.thewedery.com\/es\/elegir-paquetes-de-boda-todo-incluido\/","og_site_name":"The Wedery","article_published_time":"2025-08-31T11:18:21+00:00","og_image":[{"width":1041,"height":1329,"url":"https:\/\/www.thewedery.com\/wp\/wp-content\/uploads\/2025\/08\/IMG_1637.jpg","type":"image\/jpeg"}],"author":"adora","twitter_misc":{"Escrito por":"adora","Tiempo de lectura":"4 minutos"},"schema":{"@context":"https:\/\/schema.org","@graph":[{"@type":"Article","@id":"https:\/\/www.thewedery.com\/es\/elegir-paquetes-de-boda-todo-incluido\/#article","isPartOf":{"@id":"https:\/\/www.thewedery.com\/es\/elegir-paquetes-de-boda-todo-incluido\/"},"author":{"name":"adora","@id":"https:\/\/www.thewedery.com\/#\/schema\/person\/592d1d321053d0a76c2c9769c6fb642f"},"headline":"Paquetes de bodas: \u00bfcerrados o a medida?","datePublished":"2025-08-31T11:18:21+00:00","mainEntityOfPage":{"@id":"https:\/\/www.thewedery.com\/es\/elegir-paquetes-de-boda-todo-incluido\/"},"wordCount":823,"publisher":{"@id":"https:\/\/www.thewedery.com\/#organization"},"image":{"@id":"https:\/\/www.thewedery.com\/es\/elegir-paquetes-de-boda-todo-incluido\/#primaryimage"},"thumbnailUrl":"https:\/\/www.thewedery.com\/wp\/wp-content\/uploads\/2025\/08\/IMG_1637.jpg","articleSection":["Decoraci\u00f3n"],"inLanguage":"es"},{"@type":"WebPage","@id":"https:\/\/www.thewedery.com\/es\/elegir-paquetes-de-boda-todo-incluido\/","url":"https:\/\/www.thewedery.com\/es\/elegir-paquetes-de-boda-todo-incluido\/","name":"Paquetes de boda: \u00bfcerrados o a medida? | The Wedery","isPartOf":{"@id":"https:\/\/www.thewedery.com\/#website"},"primaryImageOfPage":{"@id":"https:\/\/www.thewedery.com\/es\/elegir-paquetes-de-boda-todo-incluido\/#primaryimage"},"image":{"@id":"https:\/\/www.thewedery.com\/es\/elegir-paquetes-de-boda-todo-incluido\/#primaryimage"},"thumbnailUrl":"https:\/\/www.thewedery.com\/wp\/wp-content\/uploads\/2025\/08\/IMG_1637.jpg","datePublished":"2025-08-31T11:18:21+00:00","description":"En The Wedery construimos tu d\u00eda a medida, desde la elecci\u00f3n de la finca. \u00a1Huye de paquetes de boda est\u00e1ndar y descubre por qu\u00e9 somos tu mejor elecci\u00f3n!","breadcrumb":{"@id":"https:\/\/www.thewedery.com\/es\/elegir-paquetes-de-boda-todo-incluido\/#breadcrumb"},"inLanguage":"es","potentialAction":[{"@type":"ReadAction","target":["https:\/\/www.thewedery.com\/es\/elegir-paquetes-de-boda-todo-incluido\/"]}]},{"@type":"ImageObject","inLanguage":"es","@id":"https:\/\/www.thewedery.com\/es\/elegir-paquetes-de-boda-todo-incluido\/#primaryimage","url":"https:\/\/www.thewedery.com\/wp\/wp-content\/uploads\/2025\/08\/IMG_1637.jpg","contentUrl":"https:\/\/www.thewedery.com\/wp\/wp-content\/uploads\/2025\/08\/IMG_1637.jpg","width":1041,"height":1329,"caption":"Screenshot"},{"@type":"BreadcrumbList","@id":"https:\/\/www.thewedery.com\/es\/elegir-paquetes-de-boda-todo-incluido\/#breadcrumb","itemListElement":[{"@type":"ListItem","position":1,"name":"Home","item":"https:\/\/www.thewedery.com\/es\/"},{"@type":"ListItem","position":2,"name":"Paquetes de bodas: \u00bfcerrados o a medida?"}]},{"@type":"WebSite","@id":"https:\/\/www.thewedery.com\/#website","url":"https:\/\/www.thewedery.com\/","name":"The Wedery","description":"Eventos sociales y corporativos en Alicante","publisher":{"@id":"https:\/\/www.thewedery.com\/#organization"},"potentialAction":[{"@type":"SearchAction","target":{"@type":"EntryPoint","urlTemplate":"https:\/\/www.thewedery.com\/?s={search_term_string}"},"query-input":{"@type":"PropertyValueSpecification","valueRequired":true,"valueName":"search_term_string"}}],"inLanguage":"es"},{"@type":"Organization","@id":"https:\/\/www.thewedery.com\/#organization","name":"The Wedery","url":"https:\/\/www.thewedery.com\/","logo":{"@type":"ImageObject","inLanguage":"es","@id":"https:\/\/www.thewedery.com\/#\/schema\/logo\/image\/","url":"https:\/\/www.thewedery.com\/wp\/wp-content\/uploads\/2022\/03\/logo-admin.svg","contentUrl":"https:\/\/www.thewedery.com\/wp\/wp-content\/uploads\/2022\/03\/logo-admin.svg","caption":"The Wedery"},"image":{"@id":"https:\/\/www.thewedery.com\/#\/schema\/logo\/image\/"}},{"@type":"Person","@id":"https:\/\/www.thewedery.com\/#\/schema\/person\/592d1d321053d0a76c2c9769c6fb642f","name":"adora"}]}},"_links":{"self":[{"href":"https:\/\/www.thewedery.com\/es\/wp-json\/wp\/v2\/posts\/5418"}],"collection":[{"href":"https:\/\/www.thewedery.com\/es\/wp-json\/wp\/v2\/posts"}],"about":[{"href":"https:\/\/www.thewedery.com\/es\/wp-json\/wp\/v2\/types\/post"}],"author":[{"embeddable":true,"href":"https:\/\/www.thewedery.com\/es\/wp-json\/wp\/v2\/users\/1"}],"replies":[{"embeddable":true,"href":"https:\/\/www.thewedery.com\/es\/wp-json\/wp\/v2\/comments?post=5418"}],"version-history":[{"count":3,"href":"https:\/\/www.thewedery.com\/es\/wp-json\/wp\/v2\/posts\/5418\/revisions"}],"predecessor-version":[{"id":5426,"href":"https:\/\/www.thewedery.com\/es\/wp-json\/wp\/v2\/posts\/5418\/revisions\/5426"}],"wp:featuredmedia":[{"embeddable":true,"href":"https:\/\/www.thewedery.com\/es\/wp-json\/wp\/v2\/media\/5425"}],"wp:attachment":[{"href":"https:\/\/www.thewedery.com\/es\/wp-json\/wp\/v2\/media?parent=5418"}],"wp:term":[{"taxonomy":"category","embeddable":true,"href":"https:\/\/www.thewedery.com\/es\/wp-json\/wp\/v2\/categories?post=5418"},{"taxonomy":"post_tag","embeddable":true,"href":"https:\/\/www.thewedery.com\/es\/wp-json\/wp\/v2\/tags?post=5418"}],"curies":[{"name":"wp","href":"https:\/\/api.w.org\/{rel}","templated":true}]}}