{"id":5414,"date":"2025-08-28T12:17:19","date_gmt":"2025-08-28T11:17:19","guid":{"rendered":"https:\/\/www.thewedery.com\/es\/?p=5414"},"modified":"2025-08-21T12:32:48","modified_gmt":"2025-08-21T11:32:48","slug":"fincas-para-bodas-con-alojamiento","status":"publish","type":"post","link":"https:\/\/www.thewedery.com\/es\/fincas-para-bodas-con-alojamiento\/","title":{"rendered":"Fincas para bodas con alojamiento: celebraci\u00f3n m\u00e1s all\u00e1 del d\u00eda"},"content":{"rendered":"<p class=\"lead\"><span style=\"font-weight: 400;\">El d\u00eda de vuestra boda no tiene por qu\u00e9 terminar cuando se apagan las luces de la fiesta. Elegir una <\/span><b>finca para bodas con alojamiento<\/b><span style=\"font-weight: 400;\"> significa alargar la celebraci\u00f3n, regalar comodidad a vuestros invitados y crear recuerdos que trascienden las horas del banquete.<\/span><\/p>\n<p><span style=\"font-weight: 400;\">En The Wedery sabemos que lo que m\u00e1s aprecian las parejas es no tener que preocuparse por traslados, horarios o despedidas apresuradas. Lo que queda grabado en la memoria son los instantes compartidos sin reloj y por ello, trabajamos con una cuidada selecci\u00f3n de <\/span><b>fincas para eventos con alojamiento <\/b><span style=\"font-weight: 400;\">en la Costa Blanca.<\/span><\/p>\n<p>&nbsp;<\/p>\n<h2><b>Bodas con alojamiento para invitados: recuerdos que se alargan<\/b><\/h2>\n<p><span style=\"font-weight: 400;\">Pocas cosas emocionan m\u00e1s que ver a todos vuestros seres queridos reunidos\u2026 y saber que pod\u00e9is seguir compartiendo tiempo despu\u00e9s de la fiesta. Una <\/span><b>boda con alojamiento para invitados<\/b><span style=\"font-weight: 400;\"> os regala esa posibilidad: charlar tras el \u00faltimo brindis, pasear por el jard\u00edn al amanecer o recordar las mejores an\u00e9cdotas al d\u00eda siguiente, ya sin la presi\u00f3n del reloj.<\/span><\/p>\n<p><span style=\"font-weight: 400;\">Es un regalo tanto para vosotros como para ellos:<\/span><b> seguridad, comodidad y la oportunidad de vivir el enlace como una experiencia completa<\/b><span style=\"font-weight: 400;\">, no como un evento fugaz.<\/span><\/p>\n<p><span style=\"font-weight: 400;\">Elegir una finca con alojamiento es tambi\u00e9n una <\/span><b>decisi\u00f3n pr\u00e1ctica<\/b><span style=\"font-weight: 400;\">. Todo se concentra en un mismo espacio y se <\/span><b>potencia la atm\u00f3sfera de intimidad y conexi\u00f3n: <\/b><span style=\"font-weight: 400;\">cada invitado se siente parte de un todo, desde el primer momento hasta el \u00faltimo. Y vosotros pod\u00e9is vivir vuestro d\u00eda con la tranquilidad de que nada queda fuera de control.<\/span><\/p>\n<img fetchpriority=\"high\" decoding=\"async\" width=\"1024\" height=\"682\" class=\"size-large wp-image-2530 aligncenter\" src=\"https:\/\/www.thewedery.com\/wp\/wp-content\/uploads\/2020\/07\/Hort-de-Nal_Room_The-Wedery-1024x682.jpg\" alt=\"\" srcset=\"https:\/\/www.thewedery.com\/wp\/wp-content\/uploads\/2020\/07\/Hort-de-Nal_Room_The-Wedery-1024x682.jpg 1024w, https:\/\/www.thewedery.com\/wp\/wp-content\/uploads\/2020\/07\/Hort-de-Nal_Room_The-Wedery-300x200.jpg 300w, https:\/\/www.thewedery.com\/wp\/wp-content\/uploads\/2020\/07\/Hort-de-Nal_Room_The-Wedery.jpg 1600w\" sizes=\"(max-width: 1024px) 100vw, 1024px\" \/>\n<p>&nbsp;<\/p>\n<h1><b>Una boda que se convierte en experiencia<\/b><\/h1>\n<p><span style=\"font-weight: 400;\">No hablamos solo de organizar un evento, sino de dar forma a un cap\u00edtulo de vuestra historia. Al elegir una de nuestras <\/span><a href=\"https:\/\/www.thewedery.com\/es\/the-venues\/\"><b>fincas para bodas con alojamiento<\/b><span style=\"font-weight: 400;\">,<\/span><\/a><span style=\"font-weight: 400;\"> est\u00e1is creando la posibilidad de que vuestra celebraci\u00f3n se convierta en un fin de semana, en una convivencia inolvidable, en un recuerdo compartido que se prolonga m\u00e1s all\u00e1 de una noche.<\/span><\/p>\n<p><a href=\"https:\/\/www.thewedery.com\/es\/the-contact\/\"><b>Solicitad ahora vuestra propuesta<\/b><\/a><span style=\"font-weight: 400;\"> y descubrid con <\/span><b>The Wedery<\/b><span style=\"font-weight: 400;\"> c\u00f3mo es celebrar una boda que no termina cuando acaba la m\u00fasica. \u00bfHablamos?<\/span><\/p>\n","protected":false},"excerpt":{"rendered":"<p>El d\u00eda de vuestra boda no tiene por qu\u00e9 terminar cuando se apagan las luces de la fiesta. Elegir una finca para bodas con alojamiento significa alargar la celebraci\u00f3n, regalar comodidad a vuestros invitados y crear recuerdos que trascienden las horas del banquete.<\/p>\n","protected":false},"author":1,"featured_media":4013,"comment_status":"closed","ping_status":"closed","sticky":false,"template":"","format":"standard","meta":{"footnotes":""},"categories":[7],"tags":[],"class_list":["post-5414","post","type-post","status-publish","format-standard","has-post-thumbnail","hentry","category-espacios"],"yoast_head":"<!-- This site is optimized with the Yoast SEO plugin v24.6 - https:\/\/yoast.com\/wordpress\/plugins\/seo\/ -->\n<title>Fincas para bodas con alojamiento | The Wedery<\/title>\n<meta name=\"description\" content=\"Si quieres que tu boda sea toda una experiencia, descubre nuestras fincas para eventos con alojamiento. \u00a1Convierte tu d\u00eda en un fin de semana especial!\" \/>\n<meta name=\"robots\" content=\"index, follow, max-snippet:-1, max-image-preview:large, max-video-preview:-1\" \/>\n<link rel=\"canonical\" href=\"https:\/\/www.thewedery.com\/es\/fincas-para-bodas-con-alojamiento\/\" \/>\n<meta property=\"og:locale\" content=\"es_ES\" \/>\n<meta property=\"og:type\" content=\"article\" \/>\n<meta property=\"og:title\" content=\"Fincas para bodas con alojamiento | The Wedery\" \/>\n<meta property=\"og:description\" content=\"Si quieres que tu boda sea toda una experiencia, descubre nuestras fincas para eventos con alojamiento. \u00a1Convierte tu d\u00eda en un fin de semana especial!\" \/>\n<meta property=\"og:url\" content=\"https:\/\/www.thewedery.com\/es\/fincas-para-bodas-con-alojamiento\/\" \/>\n<meta property=\"og:site_name\" content=\"The Wedery\" \/>\n<meta property=\"article:published_time\" content=\"2025-08-28T11:17:19+00:00\" \/>\n<meta property=\"og:image\" content=\"https:\/\/www.thewedery.com\/wp\/wp-content\/uploads\/2024\/06\/finca-la-hacienda-en-novelda-1.jpeg\" \/>\n\t<meta property=\"og:image:width\" content=\"1450\" \/>\n\t<meta property=\"og:image:height\" content=\"950\" \/>\n\t<meta property=\"og:image:type\" content=\"image\/jpeg\" \/>\n<meta name=\"author\" content=\"adora\" \/>\n<meta name=\"twitter:label1\" content=\"Escrito por\" \/>\n\t<meta name=\"twitter:data1\" content=\"adora\" \/>\n\t<meta name=\"twitter:label2\" content=\"Tiempo de lectura\" \/>\n\t<meta name=\"twitter:data2\" content=\"2 minutos\" \/>\n<script type=\"application\/ld+json\" class=\"yoast-schema-graph\">{\"@context\":\"https:\/\/schema.org\",\"@graph\":[{\"@type\":\"Article\",\"@id\":\"https:\/\/www.thewedery.com\/es\/fincas-para-bodas-con-alojamiento\/#article\",\"isPartOf\":{\"@id\":\"https:\/\/www.thewedery.com\/es\/fincas-para-bodas-con-alojamiento\/\"},\"author\":{\"name\":\"adora\",\"@id\":\"https:\/\/www.thewedery.com\/#\/schema\/person\/592d1d321053d0a76c2c9769c6fb642f\"},\"headline\":\"Fincas para bodas con alojamiento: celebraci\u00f3n m\u00e1s all\u00e1 del d\u00eda\",\"datePublished\":\"2025-08-28T11:17:19+00:00\",\"mainEntityOfPage\":{\"@id\":\"https:\/\/www.thewedery.com\/es\/fincas-para-bodas-con-alojamiento\/\"},\"wordCount\":373,\"publisher\":{\"@id\":\"https:\/\/www.thewedery.com\/#organization\"},\"image\":{\"@id\":\"https:\/\/www.thewedery.com\/es\/fincas-para-bodas-con-alojamiento\/#primaryimage\"},\"thumbnailUrl\":\"https:\/\/www.thewedery.com\/wp\/wp-content\/uploads\/2024\/06\/finca-la-hacienda-en-novelda-1.jpeg\",\"articleSection\":[\"Espacios\"],\"inLanguage\":\"es\"},{\"@type\":\"WebPage\",\"@id\":\"https:\/\/www.thewedery.com\/es\/fincas-para-bodas-con-alojamiento\/\",\"url\":\"https:\/\/www.thewedery.com\/es\/fincas-para-bodas-con-alojamiento\/\",\"name\":\"Fincas para bodas con alojamiento | The Wedery\",\"isPartOf\":{\"@id\":\"https:\/\/www.thewedery.com\/#website\"},\"primaryImageOfPage\":{\"@id\":\"https:\/\/www.thewedery.com\/es\/fincas-para-bodas-con-alojamiento\/#primaryimage\"},\"image\":{\"@id\":\"https:\/\/www.thewedery.com\/es\/fincas-para-bodas-con-alojamiento\/#primaryimage\"},\"thumbnailUrl\":\"https:\/\/www.thewedery.com\/wp\/wp-content\/uploads\/2024\/06\/finca-la-hacienda-en-novelda-1.jpeg\",\"datePublished\":\"2025-08-28T11:17:19+00:00\",\"description\":\"Si quieres que tu boda sea toda una experiencia, descubre nuestras fincas para eventos con alojamiento. \u00a1Convierte tu d\u00eda en un fin de semana especial!\",\"breadcrumb\":{\"@id\":\"https:\/\/www.thewedery.com\/es\/fincas-para-bodas-con-alojamiento\/#breadcrumb\"},\"inLanguage\":\"es\",\"potentialAction\":[{\"@type\":\"ReadAction\",\"target\":[\"https:\/\/www.thewedery.com\/es\/fincas-para-bodas-con-alojamiento\/\"]}]},{\"@type\":\"ImageObject\",\"inLanguage\":\"es\",\"@id\":\"https:\/\/www.thewedery.com\/es\/fincas-para-bodas-con-alojamiento\/#primaryimage\",\"url\":\"https:\/\/www.thewedery.com\/wp\/wp-content\/uploads\/2024\/06\/finca-la-hacienda-en-novelda-1.jpeg\",\"contentUrl\":\"https:\/\/www.thewedery.com\/wp\/wp-content\/uploads\/2024\/06\/finca-la-hacienda-en-novelda-1.jpeg\",\"width\":1450,\"height\":950},{\"@type\":\"BreadcrumbList\",\"@id\":\"https:\/\/www.thewedery.com\/es\/fincas-para-bodas-con-alojamiento\/#breadcrumb\",\"itemListElement\":[{\"@type\":\"ListItem\",\"position\":1,\"name\":\"Home\",\"item\":\"https:\/\/www.thewedery.com\/es\/\"},{\"@type\":\"ListItem\",\"position\":2,\"name\":\"Fincas para bodas con alojamiento: celebraci\u00f3n m\u00e1s all\u00e1 del d\u00eda\"}]},{\"@type\":\"WebSite\",\"@id\":\"https:\/\/www.thewedery.com\/#website\",\"url\":\"https:\/\/www.thewedery.com\/\",\"name\":\"The Wedery\",\"description\":\"Eventos sociales y corporativos en Alicante\",\"publisher\":{\"@id\":\"https:\/\/www.thewedery.com\/#organization\"},\"potentialAction\":[{\"@type\":\"SearchAction\",\"target\":{\"@type\":\"EntryPoint\",\"urlTemplate\":\"https:\/\/www.thewedery.com\/?s={search_term_string}\"},\"query-input\":{\"@type\":\"PropertyValueSpecification\",\"valueRequired\":true,\"valueName\":\"search_term_string\"}}],\"inLanguage\":\"es\"},{\"@type\":\"Organization\",\"@id\":\"https:\/\/www.thewedery.com\/#organization\",\"name\":\"The Wedery\",\"url\":\"https:\/\/www.thewedery.com\/\",\"logo\":{\"@type\":\"ImageObject\",\"inLanguage\":\"es\",\"@id\":\"https:\/\/www.thewedery.com\/#\/schema\/logo\/image\/\",\"url\":\"https:\/\/www.thewedery.com\/wp\/wp-content\/uploads\/2022\/03\/logo-admin.svg\",\"contentUrl\":\"https:\/\/www.thewedery.com\/wp\/wp-content\/uploads\/2022\/03\/logo-admin.svg\",\"caption\":\"The Wedery\"},\"image\":{\"@id\":\"https:\/\/www.thewedery.com\/#\/schema\/logo\/image\/\"}},{\"@type\":\"Person\",\"@id\":\"https:\/\/www.thewedery.com\/#\/schema\/person\/592d1d321053d0a76c2c9769c6fb642f\",\"name\":\"adora\"}]}<\/script>\n<!-- \/ Yoast SEO plugin. -->","yoast_head_json":{"title":"Fincas para bodas con alojamiento | The Wedery","description":"Si quieres que tu boda sea toda una experiencia, descubre nuestras fincas para eventos con alojamiento. \u00a1Convierte tu d\u00eda en un fin de semana especial!","robots":{"index":"index","follow":"follow","max-snippet":"max-snippet:-1","max-image-preview":"max-image-preview:large","max-video-preview":"max-video-preview:-1"},"canonical":"https:\/\/www.thewedery.com\/es\/fincas-para-bodas-con-alojamiento\/","og_locale":"es_ES","og_type":"article","og_title":"Fincas para bodas con alojamiento | The Wedery","og_description":"Si quieres que tu boda sea toda una experiencia, descubre nuestras fincas para eventos con alojamiento. \u00a1Convierte tu d\u00eda en un fin de semana especial!","og_url":"https:\/\/www.thewedery.com\/es\/fincas-para-bodas-con-alojamiento\/","og_site_name":"The Wedery","article_published_time":"2025-08-28T11:17:19+00:00","og_image":[{"width":1450,"height":950,"url":"https:\/\/www.thewedery.com\/wp\/wp-content\/uploads\/2024\/06\/finca-la-hacienda-en-novelda-1.jpeg","type":"image\/jpeg"}],"author":"adora","twitter_misc":{"Escrito por":"adora","Tiempo de lectura":"2 minutos"},"schema":{"@context":"https:\/\/schema.org","@graph":[{"@type":"Article","@id":"https:\/\/www.thewedery.com\/es\/fincas-para-bodas-con-alojamiento\/#article","isPartOf":{"@id":"https:\/\/www.thewedery.com\/es\/fincas-para-bodas-con-alojamiento\/"},"author":{"name":"adora","@id":"https:\/\/www.thewedery.com\/#\/schema\/person\/592d1d321053d0a76c2c9769c6fb642f"},"headline":"Fincas para bodas con alojamiento: celebraci\u00f3n m\u00e1s all\u00e1 del d\u00eda","datePublished":"2025-08-28T11:17:19+00:00","mainEntityOfPage":{"@id":"https:\/\/www.thewedery.com\/es\/fincas-para-bodas-con-alojamiento\/"},"wordCount":373,"publisher":{"@id":"https:\/\/www.thewedery.com\/#organization"},"image":{"@id":"https:\/\/www.thewedery.com\/es\/fincas-para-bodas-con-alojamiento\/#primaryimage"},"thumbnailUrl":"https:\/\/www.thewedery.com\/wp\/wp-content\/uploads\/2024\/06\/finca-la-hacienda-en-novelda-1.jpeg","articleSection":["Espacios"],"inLanguage":"es"},{"@type":"WebPage","@id":"https:\/\/www.thewedery.com\/es\/fincas-para-bodas-con-alojamiento\/","url":"https:\/\/www.thewedery.com\/es\/fincas-para-bodas-con-alojamiento\/","name":"Fincas para bodas con alojamiento | The Wedery","isPartOf":{"@id":"https:\/\/www.thewedery.com\/#website"},"primaryImageOfPage":{"@id":"https:\/\/www.thewedery.com\/es\/fincas-para-bodas-con-alojamiento\/#primaryimage"},"image":{"@id":"https:\/\/www.thewedery.com\/es\/fincas-para-bodas-con-alojamiento\/#primaryimage"},"thumbnailUrl":"https:\/\/www.thewedery.com\/wp\/wp-content\/uploads\/2024\/06\/finca-la-hacienda-en-novelda-1.jpeg","datePublished":"2025-08-28T11:17:19+00:00","description":"Si quieres que tu boda sea toda una experiencia, descubre nuestras fincas para eventos con alojamiento. \u00a1Convierte tu d\u00eda en un fin de semana especial!","breadcrumb":{"@id":"https:\/\/www.thewedery.com\/es\/fincas-para-bodas-con-alojamiento\/#breadcrumb"},"inLanguage":"es","potentialAction":[{"@type":"ReadAction","target":["https:\/\/www.thewedery.com\/es\/fincas-para-bodas-con-alojamiento\/"]}]},{"@type":"ImageObject","inLanguage":"es","@id":"https:\/\/www.thewedery.com\/es\/fincas-para-bodas-con-alojamiento\/#primaryimage","url":"https:\/\/www.thewedery.com\/wp\/wp-content\/uploads\/2024\/06\/finca-la-hacienda-en-novelda-1.jpeg","contentUrl":"https:\/\/www.thewedery.com\/wp\/wp-content\/uploads\/2024\/06\/finca-la-hacienda-en-novelda-1.jpeg","width":1450,"height":950},{"@type":"BreadcrumbList","@id":"https:\/\/www.thewedery.com\/es\/fincas-para-bodas-con-alojamiento\/#breadcrumb","itemListElement":[{"@type":"ListItem","position":1,"name":"Home","item":"https:\/\/www.thewedery.com\/es\/"},{"@type":"ListItem","position":2,"name":"Fincas para bodas con alojamiento: celebraci\u00f3n m\u00e1s all\u00e1 del d\u00eda"}]},{"@type":"WebSite","@id":"https:\/\/www.thewedery.com\/#website","url":"https:\/\/www.thewedery.com\/","name":"The Wedery","description":"Eventos sociales y corporativos en Alicante","publisher":{"@id":"https:\/\/www.thewedery.com\/#organization"},"potentialAction":[{"@type":"SearchAction","target":{"@type":"EntryPoint","urlTemplate":"https:\/\/www.thewedery.com\/?s={search_term_string}"},"query-input":{"@type":"PropertyValueSpecification","valueRequired":true,"valueName":"search_term_string"}}],"inLanguage":"es"},{"@type":"Organization","@id":"https:\/\/www.thewedery.com\/#organization","name":"The Wedery","url":"https:\/\/www.thewedery.com\/","logo":{"@type":"ImageObject","inLanguage":"es","@id":"https:\/\/www.thewedery.com\/#\/schema\/logo\/image\/","url":"https:\/\/www.thewedery.com\/wp\/wp-content\/uploads\/2022\/03\/logo-admin.svg","contentUrl":"https:\/\/www.thewedery.com\/wp\/wp-content\/uploads\/2022\/03\/logo-admin.svg","caption":"The Wedery"},"image":{"@id":"https:\/\/www.thewedery.com\/#\/schema\/logo\/image\/"}},{"@type":"Person","@id":"https:\/\/www.thewedery.com\/#\/schema\/person\/592d1d321053d0a76c2c9769c6fb642f","name":"adora"}]}},"_links":{"self":[{"href":"https:\/\/www.thewedery.com\/es\/wp-json\/wp\/v2\/posts\/5414"}],"collection":[{"href":"https:\/\/www.thewedery.com\/es\/wp-json\/wp\/v2\/posts"}],"about":[{"href":"https:\/\/www.thewedery.com\/es\/wp-json\/wp\/v2\/types\/post"}],"author":[{"embeddable":true,"href":"https:\/\/www.thewedery.com\/es\/wp-json\/wp\/v2\/users\/1"}],"replies":[{"embeddable":true,"href":"https:\/\/www.thewedery.com\/es\/wp-json\/wp\/v2\/comments?post=5414"}],"version-history":[{"count":4,"href":"https:\/\/www.thewedery.com\/es\/wp-json\/wp\/v2\/posts\/5414\/revisions"}],"predecessor-version":[{"id":5430,"href":"https:\/\/www.thewedery.com\/es\/wp-json\/wp\/v2\/posts\/5414\/revisions\/5430"}],"wp:featuredmedia":[{"embeddable":true,"href":"https:\/\/www.thewedery.com\/es\/wp-json\/wp\/v2\/media\/4013"}],"wp:attachment":[{"href":"https:\/\/www.thewedery.com\/es\/wp-json\/wp\/v2\/media?parent=5414"}],"wp:term":[{"taxonomy":"category","embeddable":true,"href":"https:\/\/www.thewedery.com\/es\/wp-json\/wp\/v2\/categories?post=5414"},{"taxonomy":"post_tag","embeddable":true,"href":"https:\/\/www.thewedery.com\/es\/wp-json\/wp\/v2\/tags?post=5414"}],"curies":[{"name":"wp","href":"https:\/\/api.w.org\/{rel}","templated":true}]}}